{"id":8484,"date":"2026-04-30T12:10:09","date_gmt":"2026-04-30T12:10:09","guid":{"rendered":"https:\/\/szkola1.pl\/?p=8484"},"modified":"2026-04-30T12:10:09","modified_gmt":"2026-04-30T12:10:09","slug":"rocznica-uchwalenia-konstytucji-3-maja","status":"publish","type":"post","link":"https:\/\/szkola1.pl\/index.php\/2026\/04\/30\/rocznica-uchwalenia-konstytucji-3-maja\/","title":{"rendered":"Rocznica uchwalenia Konstytucji 3 Maja"},"content":{"rendered":"\n<p>Dzi\u015b w naszej szkole uczcili\u015bmy rocznic\u0119 uchwalenia Konstytucji 3 Maja. Uroczysty apel przygotowa\u0142y klasy 2 TIA i 2 TWM pod opiek\u0105 pani Ewy Kardasz i pani Adrianny Niedzia\u0142kowskiej.<\/p>\n\n\n\n<figure class=\"wp-block-gallery has-nested-images columns-default is-cropped wp-block-gallery-1 is-layout-flex wp-block-gallery-is-layout-flex\">\n<figure class=\"wp-block-image size-large\"><img loading=\"lazy\" decoding=\"async\" width=\"1024\" height=\"768\" data-id=\"8491\" src=\"https:\/\/szkola1.pl\/wp-content\/uploads\/2026\/04\/P4300004-1024x768.jpg\" alt=\"\" class=\"wp-image-8491\" srcset=\"https:\/\/szkola1.pl\/wp-content\/uploads\/2026\/04\/P4300004-1024x768.jpg 1024w, https:\/\/szkola1.pl\/wp-content\/uploads\/2026\/04\/P4300004-300x225.jpg 300w, https:\/\/szkola1.pl\/wp-content\/uploads\/2026\/04\/P4300004-768x576.jpg 768w, https:\/\/szkola1.pl\/wp-content\/uploads\/2026\/04\/P4300004-1536x1152.jpg 1536w, https:\/\/szkola1.pl\/wp-content\/uploads\/2026\/04\/P4300004-2048x1536.jpg 2048w, https:\/\/szkola1.pl\/wp-content\/uploads\/2026\/04\/P4300004-1440x1080.jpg 1440w\" sizes=\"(max-width: 1024px) 100vw, 1024px\" \/><\/figure>\n\n\n\n<figure class=\"wp-block-image size-large\"><img loading=\"lazy\" decoding=\"async\" width=\"1024\" height=\"768\" data-id=\"8493\" src=\"https:\/\/szkola1.pl\/wp-content\/uploads\/2026\/04\/P4300030-1024x768.jpg\" alt=\"\" class=\"wp-image-8493\" srcset=\"https:\/\/szkola1.pl\/wp-content\/uploads\/2026\/04\/P4300030-1024x768.jpg 1024w, https:\/\/szkola1.pl\/wp-content\/uploads\/2026\/04\/P4300030-300x225.jpg 300w, https:\/\/szkola1.pl\/wp-content\/uploads\/2026\/04\/P4300030-768x576.jpg 768w, https:\/\/szkola1.pl\/wp-content\/uploads\/2026\/04\/P4300030-1536x1152.jpg 1536w, https:\/\/szkola1.pl\/wp-content\/uploads\/2026\/04\/P4300030-2048x1536.jpg 2048w, https:\/\/szkola1.pl\/wp-content\/uploads\/2026\/04\/P4300030-1440x1080.jpg 1440w\" sizes=\"(max-width: 1024px) 100vw, 1024px\" \/><\/figure>\n\n\n\n<figure class=\"wp-block-image size-large\"><img loading=\"lazy\" decoding=\"async\" width=\"1024\" height=\"768\" data-id=\"8490\" src=\"https:\/\/szkola1.pl\/wp-content\/uploads\/2026\/04\/P4300074-1024x768.jpg\" alt=\"\" class=\"wp-image-8490\" srcset=\"https:\/\/szkola1.pl\/wp-content\/uploads\/2026\/04\/P4300074-1024x768.jpg 1024w, https:\/\/szkola1.pl\/wp-content\/uploads\/2026\/04\/P4300074-300x225.jpg 300w, https:\/\/szkola1.pl\/wp-content\/uploads\/2026\/04\/P4300074-768x576.jpg 768w, https:\/\/szkola1.pl\/wp-content\/uploads\/2026\/04\/P4300074-1536x1152.jpg 1536w, https:\/\/szkola1.pl\/wp-content\/uploads\/2026\/04\/P4300074-2048x1536.jpg 2048w, https:\/\/szkola1.pl\/wp-content\/uploads\/2026\/04\/P4300074-1440x1080.jpg 1440w\" sizes=\"(max-width: 1024px) 100vw, 1024px\" \/><\/figure>\n<\/figure>\n","protected":false},"excerpt":{"rendered":"<p>Dzi\u015b w naszej szkole uczcili\u015bmy rocznic\u0119 uchwalenia Konstytucji 3 Maja. Uroczysty apel przygotowa\u0142y klasy 2 TIA i 2 TWM pod opiek\u0105 pani Ewy Kardasz i pani Adrianny Niedzia\u0142kowskiej.<\/p>\n","protected":false},"author":1,"featured_media":8493,"comment_status":"open","ping_status":"open","sticky":false,"template":"","format":"standard","meta":{"saved_in_kubio":false,"_eb_attr":"","footnotes":""},"categories":[5],"tags":[],"class_list":["post-8484","post","type-post","status-publish","format-standard","has-post-thumbnail","hentry","category-aktualnosci"],"_links":{"self":[{"href":"https:\/\/szkola1.pl\/index.php\/wp-json\/wp\/v2\/posts\/8484","targetHints":{"allow":["GET"]}}],"collection":[{"href":"https:\/\/szkola1.pl\/index.php\/wp-json\/wp\/v2\/posts"}],"about":[{"href":"https:\/\/szkola1.pl\/index.php\/wp-json\/wp\/v2\/types\/post"}],"author":[{"embeddable":true,"href":"https:\/\/szkola1.pl\/index.php\/wp-json\/wp\/v2\/users\/1"}],"replies":[{"embeddable":true,"href":"https:\/\/szkola1.pl\/index.php\/wp-json\/wp\/v2\/comments?post=8484"}],"version-history":[{"count":1,"href":"https:\/\/szkola1.pl\/index.php\/wp-json\/wp\/v2\/posts\/8484\/revisions"}],"predecessor-version":[{"id":8548,"href":"https:\/\/szkola1.pl\/index.php\/wp-json\/wp\/v2\/posts\/8484\/revisions\/8548"}],"wp:featuredmedia":[{"embeddable":true,"href":"https:\/\/szkola1.pl\/index.php\/wp-json\/wp\/v2\/media\/8493"}],"wp:attachment":[{"href":"https:\/\/szkola1.pl\/index.php\/wp-json\/wp\/v2\/media?parent=8484"}],"wp:term":[{"taxonomy":"category","embeddable":true,"href":"https:\/\/szkola1.pl\/index.php\/wp-json\/wp\/v2\/categories?post=8484"},{"taxonomy":"post_tag","embeddable":true,"href":"https:\/\/szkola1.pl\/index.php\/wp-json\/wp\/v2\/tags?post=8484"}],"curies":[{"name":"wp","href":"https:\/\/api.w.org\/{rel}","templated":true}]}}