{"id":7992,"date":"2026-03-23T15:44:57","date_gmt":"2026-03-23T15:44:57","guid":{"rendered":"https:\/\/szkola1.pl\/?p=7992"},"modified":"2026-03-23T15:44:57","modified_gmt":"2026-03-23T15:44:57","slug":"spotkanie-z-firmowa-strona-www-szymon-toda","status":"publish","type":"post","link":"https:\/\/szkola1.pl\/index.php\/2026\/03\/23\/spotkanie-z-firmowa-strona-www-szymon-toda\/","title":{"rendered":"Spotkanie z &#8222;Firmowa Strona WWW &#8211; Szymon Toda&#8221;"},"content":{"rendered":"\n<p>20 marca 2026 r. okaza\u0142 si\u0119 wyj\u0105tkowym dniem dla kilku naszych uczni\u00f3w kszta\u0142c\u0105cych si\u0119 w zawodzie programisty. Tego dnia uczniowie wzi\u0119li udzia\u0142 w profesjonalnych warsztatach zorganizowanych przez firm\u0119 programistyczn\u0105 &#8222;Firmowa Strona WWW &#8211; Szymon Toda&#8221;, realizuj\u0105c\u0105 projekty dla du\u017cych, mi\u0119dzynarodowych koncern\u00f3w, w tym m.in. dla firmy &#8222;Strabag&#8221;.<\/p>\n\n\n\n<p>Podczas spotkania m\u0142odzie\u017c mia\u0142a okazj\u0119 zanurzy\u0107 si\u0119 w praktycznym \u015bwiecie programowania, zobaczy\u0107, jak wygl\u0105da codzienna praca specjalist\u00f3w IT, pozna\u0107 nowoczesne narz\u0119dzia webowe oraz prze\u015bledzi\u0107 ca\u0142y proces tworzenia oprogramowania od kuchni.<\/p>\n\n\n\n<p>To by\u0142a cenna lekcja, kt\u00f3ra pozwoli\u0142a im spojrze\u0107 na wybrany zaw\u00f3d z zupe\u0142nie nowej perspektywy. Serdecznie dzi\u0119kujemy firmie &#8222;Firmowa Strona WWW &#8211; Szymon Toda&#8221; za po\u015bwi\u0119cony czas, inspiruj\u0105ce zaj\u0119cia i otwarcie przed naszymi uczniami drzwi do \u015bwiata profesjonalnego programowania.<\/p>\n\n\n\n<figure class=\"wp-block-gallery has-nested-images columns-default is-cropped wp-block-gallery-1 is-layout-flex wp-block-gallery-is-layout-flex\">\n<figure class=\"wp-block-image size-large\"><img loading=\"lazy\" decoding=\"async\" width=\"1024\" height=\"768\" data-id=\"7994\" src=\"https:\/\/szkola1.pl\/wp-content\/uploads\/2026\/03\/20260320_121036-1024x768.jpg\" alt=\"\" class=\"wp-image-7994\" srcset=\"https:\/\/szkola1.pl\/wp-content\/uploads\/2026\/03\/20260320_121036-1024x768.jpg 1024w, https:\/\/szkola1.pl\/wp-content\/uploads\/2026\/03\/20260320_121036-300x225.jpg 300w, https:\/\/szkola1.pl\/wp-content\/uploads\/2026\/03\/20260320_121036-768x576.jpg 768w, https:\/\/szkola1.pl\/wp-content\/uploads\/2026\/03\/20260320_121036-1536x1152.jpg 1536w, https:\/\/szkola1.pl\/wp-content\/uploads\/2026\/03\/20260320_121036-2048x1536.jpg 2048w, https:\/\/szkola1.pl\/wp-content\/uploads\/2026\/03\/20260320_121036-1440x1080.jpg 1440w\" sizes=\"(max-width: 1024px) 100vw, 1024px\" \/><\/figure>\n\n\n\n<figure class=\"wp-block-image size-large\"><img loading=\"lazy\" decoding=\"async\" width=\"1024\" height=\"768\" data-id=\"7995\" src=\"https:\/\/szkola1.pl\/wp-content\/uploads\/2026\/03\/20260320_121045-1024x768.jpg\" alt=\"\" class=\"wp-image-7995\" srcset=\"https:\/\/szkola1.pl\/wp-content\/uploads\/2026\/03\/20260320_121045-1024x768.jpg 1024w, https:\/\/szkola1.pl\/wp-content\/uploads\/2026\/03\/20260320_121045-300x225.jpg 300w, https:\/\/szkola1.pl\/wp-content\/uploads\/2026\/03\/20260320_121045-768x576.jpg 768w, https:\/\/szkola1.pl\/wp-content\/uploads\/2026\/03\/20260320_121045-1536x1152.jpg 1536w, https:\/\/szkola1.pl\/wp-content\/uploads\/2026\/03\/20260320_121045-2048x1536.jpg 2048w, https:\/\/szkola1.pl\/wp-content\/uploads\/2026\/03\/20260320_121045-1440x1080.jpg 1440w\" sizes=\"(max-width: 1024px) 100vw, 1024px\" \/><\/figure>\n\n\n\n<figure class=\"wp-block-image size-large\"><img loading=\"lazy\" decoding=\"async\" width=\"768\" height=\"1024\" data-id=\"7993\" src=\"https:\/\/szkola1.pl\/wp-content\/uploads\/2026\/03\/20260320_121215-768x1024.jpg\" alt=\"\" class=\"wp-image-7993\" srcset=\"https:\/\/szkola1.pl\/wp-content\/uploads\/2026\/03\/20260320_121215-768x1024.jpg 768w, https:\/\/szkola1.pl\/wp-content\/uploads\/2026\/03\/20260320_121215-225x300.jpg 225w, https:\/\/szkola1.pl\/wp-content\/uploads\/2026\/03\/20260320_121215-1152x1536.jpg 1152w, https:\/\/szkola1.pl\/wp-content\/uploads\/2026\/03\/20260320_121215-1536x2048.jpg 1536w, https:\/\/szkola1.pl\/wp-content\/uploads\/2026\/03\/20260320_121215-810x1080.jpg 810w, https:\/\/szkola1.pl\/wp-content\/uploads\/2026\/03\/20260320_121215-scaled.jpg 1920w\" sizes=\"(max-width: 768px) 100vw, 768px\" \/><\/figure>\n\n\n\n<figure class=\"wp-block-image size-large\"><img loading=\"lazy\" decoding=\"async\" width=\"768\" height=\"1024\" data-id=\"7996\" src=\"https:\/\/szkola1.pl\/wp-content\/uploads\/2026\/03\/20260320_121223-768x1024.jpg\" alt=\"\" class=\"wp-image-7996\" srcset=\"https:\/\/szkola1.pl\/wp-content\/uploads\/2026\/03\/20260320_121223-768x1024.jpg 768w, https:\/\/szkola1.pl\/wp-content\/uploads\/2026\/03\/20260320_121223-225x300.jpg 225w, https:\/\/szkola1.pl\/wp-content\/uploads\/2026\/03\/20260320_121223-1152x1536.jpg 1152w, https:\/\/szkola1.pl\/wp-content\/uploads\/2026\/03\/20260320_121223-1536x2048.jpg 1536w, https:\/\/szkola1.pl\/wp-content\/uploads\/2026\/03\/20260320_121223-810x1080.jpg 810w, https:\/\/szkola1.pl\/wp-content\/uploads\/2026\/03\/20260320_121223-scaled.jpg 1920w\" sizes=\"(max-width: 768px) 100vw, 768px\" \/><\/figure>\n<\/figure>\n","protected":false},"excerpt":{"rendered":"<p>20 marca 2026 r. okaza\u0142 si\u0119 wyj\u0105tkowym dniem dla kilku naszych uczni\u00f3w kszta\u0142c\u0105cych si\u0119 w zawodzie programisty. Tego dnia uczniowie wzi\u0119li udzia\u0142 w profesjonalnych warsztatach zorganizowanych przez firm\u0119 programistyczn\u0105 &#8222;Firmowa Strona WWW &#8211; Szymon Toda&#8221;, realizuj\u0105c\u0105 projekty dla du\u017cych, mi\u0119dzynarodowych koncern\u00f3w, w tym m.in. dla firmy &#8222;Strabag&#8221;. Podczas spotkania m\u0142odzie\u017c mia\u0142a okazj\u0119 zanurzy\u0107 si\u0119 w praktycznym \u015bwiecie programowania, zobaczy\u0107, jak [&hellip;]<\/p>\n","protected":false},"author":1,"featured_media":7993,"comment_status":"closed","ping_status":"closed","sticky":false,"template":"","format":"standard","meta":{"saved_in_kubio":false,"_eb_attr":"","footnotes":""},"categories":[5],"tags":[],"class_list":["post-7992","post","type-post","status-publish","format-standard","has-post-thumbnail","hentry","category-aktualnosci"],"_links":{"self":[{"href":"https:\/\/szkola1.pl\/index.php\/wp-json\/wp\/v2\/posts\/7992","targetHints":{"allow":["GET"]}}],"collection":[{"href":"https:\/\/szkola1.pl\/index.php\/wp-json\/wp\/v2\/posts"}],"about":[{"href":"https:\/\/szkola1.pl\/index.php\/wp-json\/wp\/v2\/types\/post"}],"author":[{"embeddable":true,"href":"https:\/\/szkola1.pl\/index.php\/wp-json\/wp\/v2\/users\/1"}],"replies":[{"embeddable":true,"href":"https:\/\/szkola1.pl\/index.php\/wp-json\/wp\/v2\/comments?post=7992"}],"version-history":[{"count":1,"href":"https:\/\/szkola1.pl\/index.php\/wp-json\/wp\/v2\/posts\/7992\/revisions"}],"predecessor-version":[{"id":7997,"href":"https:\/\/szkola1.pl\/index.php\/wp-json\/wp\/v2\/posts\/7992\/revisions\/7997"}],"wp:featuredmedia":[{"embeddable":true,"href":"https:\/\/szkola1.pl\/index.php\/wp-json\/wp\/v2\/media\/7993"}],"wp:attachment":[{"href":"https:\/\/szkola1.pl\/index.php\/wp-json\/wp\/v2\/media?parent=7992"}],"wp:term":[{"taxonomy":"category","embeddable":true,"href":"https:\/\/szkola1.pl\/index.php\/wp-json\/wp\/v2\/categories?post=7992"},{"taxonomy":"post_tag","embeddable":true,"href":"https:\/\/szkola1.pl\/index.php\/wp-json\/wp\/v2\/tags?post=7992"}],"curies":[{"name":"wp","href":"https:\/\/api.w.org\/{rel}","templated":true}]}}