{"id":7988,"date":"2026-03-23T15:15:03","date_gmt":"2026-03-23T15:15:03","guid":{"rendered":"https:\/\/szkola1.pl\/?p=7988"},"modified":"2026-03-23T15:15:03","modified_gmt":"2026-03-23T15:15:03","slug":"euroweek","status":"publish","type":"post","link":"https:\/\/szkola1.pl\/index.php\/2026\/03\/23\/euroweek\/","title":{"rendered":"Euroweek"},"content":{"rendered":"\n<p>W dniach od 18.03.2026 r. do 22.03.2026 r. 15-osobowa grupa uczni\u00f3w prze\u017cy\u0142a niesamowit\u0105 przygod\u0119 na Euroweeku w Dusznikach-Zdroju.<\/p>\n\n\n\n<p>Nasi uczniowie sp\u0119dzili czas w atmosferze pe\u0142nej pozytywnej energii i \u015bmiechu. Nawi\u0105zali nowe znajomo\u015bci. Wzi\u0119li udzia\u0142 w inspiruj\u0105cych warsztatach.<\/p>\n\n\n\n<p>By\u0142a to nie tylko \u015bwietna zabawa, ale te\u017c rozw\u00f3j, prze\u0142amywanie barier i odkrywanie \u015bwiata z zupe\u0142nie innej perspektywy.<\/p>\n\n\n\n<p>Cieszymy si\u0119 ka\u017cd\u0105 chwil\u0105 i ju\u017c wiemy, \u017ce te wspomnienia zostan\u0105 z nami na d\u0142ugo!<\/p>\n\n\n\n<figure class=\"wp-block-gallery has-nested-images columns-default is-cropped wp-block-gallery-1 is-layout-flex wp-block-gallery-is-layout-flex\">\n<figure class=\"wp-block-image size-large\"><img loading=\"lazy\" decoding=\"async\" width=\"1024\" height=\"768\" data-id=\"7989\" src=\"https:\/\/szkola1.pl\/wp-content\/uploads\/2026\/03\/653702784_1583796009921378_119027312965751177_n-1024x768.jpg\" alt=\"\" class=\"wp-image-7989\" srcset=\"https:\/\/szkola1.pl\/wp-content\/uploads\/2026\/03\/653702784_1583796009921378_119027312965751177_n-1024x768.jpg 1024w, https:\/\/szkola1.pl\/wp-content\/uploads\/2026\/03\/653702784_1583796009921378_119027312965751177_n-300x225.jpg 300w, https:\/\/szkola1.pl\/wp-content\/uploads\/2026\/03\/653702784_1583796009921378_119027312965751177_n-768x576.jpg 768w, https:\/\/szkola1.pl\/wp-content\/uploads\/2026\/03\/653702784_1583796009921378_119027312965751177_n.jpg 1125w\" sizes=\"(max-width: 1024px) 100vw, 1024px\" \/><\/figure>\n\n\n\n<figure class=\"wp-block-image size-large\"><img loading=\"lazy\" decoding=\"async\" width=\"1024\" height=\"768\" data-id=\"7990\" src=\"https:\/\/szkola1.pl\/wp-content\/uploads\/2026\/03\/654285013_1583796049921374_8835261421199934048_n-1024x768.jpg\" alt=\"\" class=\"wp-image-7990\" srcset=\"https:\/\/szkola1.pl\/wp-content\/uploads\/2026\/03\/654285013_1583796049921374_8835261421199934048_n-1024x768.jpg 1024w, https:\/\/szkola1.pl\/wp-content\/uploads\/2026\/03\/654285013_1583796049921374_8835261421199934048_n-300x225.jpg 300w, https:\/\/szkola1.pl\/wp-content\/uploads\/2026\/03\/654285013_1583796049921374_8835261421199934048_n-768x576.jpg 768w, https:\/\/szkola1.pl\/wp-content\/uploads\/2026\/03\/654285013_1583796049921374_8835261421199934048_n.jpg 1125w\" sizes=\"(max-width: 1024px) 100vw, 1024px\" \/><\/figure>\n<\/figure>\n","protected":false},"excerpt":{"rendered":"<p>W dniach od 18.03.2026 r. do 22.03.2026 r. 15-osobowa grupa uczni\u00f3w prze\u017cy\u0142a niesamowit\u0105 przygod\u0119 na Euroweeku w Dusznikach-Zdroju. Nasi uczniowie sp\u0119dzili czas w atmosferze pe\u0142nej pozytywnej energii i \u015bmiechu. Nawi\u0105zali nowe znajomo\u015bci. Wzi\u0119li udzia\u0142 w inspiruj\u0105cych warsztatach. By\u0142a to nie tylko \u015bwietna zabawa, ale te\u017c rozw\u00f3j, prze\u0142amywanie barier i odkrywanie \u015bwiata z zupe\u0142nie innej perspektywy. Cieszymy si\u0119 ka\u017cd\u0105 chwil\u0105 i [&hellip;]<\/p>\n","protected":false},"author":1,"featured_media":7989,"comment_status":"closed","ping_status":"closed","sticky":false,"template":"","format":"standard","meta":{"saved_in_kubio":false,"_eb_attr":"","footnotes":""},"categories":[5],"tags":[],"class_list":["post-7988","post","type-post","status-publish","format-standard","has-post-thumbnail","hentry","category-aktualnosci"],"_links":{"self":[{"href":"https:\/\/szkola1.pl\/index.php\/wp-json\/wp\/v2\/posts\/7988","targetHints":{"allow":["GET"]}}],"collection":[{"href":"https:\/\/szkola1.pl\/index.php\/wp-json\/wp\/v2\/posts"}],"about":[{"href":"https:\/\/szkola1.pl\/index.php\/wp-json\/wp\/v2\/types\/post"}],"author":[{"embeddable":true,"href":"https:\/\/szkola1.pl\/index.php\/wp-json\/wp\/v2\/users\/1"}],"replies":[{"embeddable":true,"href":"https:\/\/szkola1.pl\/index.php\/wp-json\/wp\/v2\/comments?post=7988"}],"version-history":[{"count":1,"href":"https:\/\/szkola1.pl\/index.php\/wp-json\/wp\/v2\/posts\/7988\/revisions"}],"predecessor-version":[{"id":7991,"href":"https:\/\/szkola1.pl\/index.php\/wp-json\/wp\/v2\/posts\/7988\/revisions\/7991"}],"wp:featuredmedia":[{"embeddable":true,"href":"https:\/\/szkola1.pl\/index.php\/wp-json\/wp\/v2\/media\/7989"}],"wp:attachment":[{"href":"https:\/\/szkola1.pl\/index.php\/wp-json\/wp\/v2\/media?parent=7988"}],"wp:term":[{"taxonomy":"category","embeddable":true,"href":"https:\/\/szkola1.pl\/index.php\/wp-json\/wp\/v2\/categories?post=7988"},{"taxonomy":"post_tag","embeddable":true,"href":"https:\/\/szkola1.pl\/index.php\/wp-json\/wp\/v2\/tags?post=7988"}],"curies":[{"name":"wp","href":"https:\/\/api.w.org\/{rel}","templated":true}]}}