{"id":7890,"date":"2026-03-17T20:42:12","date_gmt":"2026-03-17T20:42:12","guid":{"rendered":"https:\/\/szkola1.pl\/?p=7890"},"modified":"2026-03-17T20:42:12","modified_gmt":"2026-03-17T20:42:12","slug":"tydzien-mozgu-2","status":"publish","type":"post","link":"https:\/\/szkola1.pl\/index.php\/2026\/03\/17\/tydzien-mozgu-2\/","title":{"rendered":"Tydzie\u0144 M\u00f3zgu"},"content":{"rendered":"\n<p>\u015awiatowy Tydzie\u0144 M\u00f3zgu jest globaln\u0105 inicjatyw\u0105 maj\u0105c\u0105 na celu promowanie wiedzy na temat m\u00f3zgu, jego funkcji oraz najnowszych osi\u0105gni\u0119\u0107 w dziedzinie neuronauki.<\/p>\n\n\n\n<p>W naszej szkole Tydzie\u0144 M\u00f3zgu obchodzimy w dniach od 16 do 20 marca.<\/p>\n\n\n\n<p>Has\u0142em przewodnim jest HIGIENA M\u00d3ZGU. G\u0142\u00f3wnym zagadnieniem, kt\u00f3rym b\u0119dziemy zajmowa\u0107 si\u0119 w tym czasie s\u0105 czasopochnianiacze (telefon kom\u00f3rkowy, gry komputerowe) oraz ich wp\u0142yw na zdrowe funkcjonowanie m\u00f3zgu oraz sen.<\/p>\n\n\n\n<figure class=\"wp-block-gallery has-nested-images columns-default is-cropped wp-block-gallery-1 is-layout-flex wp-block-gallery-is-layout-flex\">\n<figure class=\"wp-block-image size-large\"><img loading=\"lazy\" decoding=\"async\" width=\"768\" height=\"1024\" data-id=\"7892\" src=\"https:\/\/szkola1.pl\/wp-content\/uploads\/2026\/03\/0dfe399d-2153-4e29-a095-d836aa7a13a5-768x1024.jpg\" alt=\"\" class=\"wp-image-7892\" srcset=\"https:\/\/szkola1.pl\/wp-content\/uploads\/2026\/03\/0dfe399d-2153-4e29-a095-d836aa7a13a5-768x1024.jpg 768w, https:\/\/szkola1.pl\/wp-content\/uploads\/2026\/03\/0dfe399d-2153-4e29-a095-d836aa7a13a5-225x300.jpg 225w, https:\/\/szkola1.pl\/wp-content\/uploads\/2026\/03\/0dfe399d-2153-4e29-a095-d836aa7a13a5-1152x1536.jpg 1152w, https:\/\/szkola1.pl\/wp-content\/uploads\/2026\/03\/0dfe399d-2153-4e29-a095-d836aa7a13a5-810x1080.jpg 810w, https:\/\/szkola1.pl\/wp-content\/uploads\/2026\/03\/0dfe399d-2153-4e29-a095-d836aa7a13a5.jpg 1536w\" sizes=\"(max-width: 768px) 100vw, 768px\" \/><\/figure>\n\n\n\n<figure class=\"wp-block-image size-large\"><img loading=\"lazy\" decoding=\"async\" width=\"768\" height=\"1024\" data-id=\"7893\" src=\"https:\/\/szkola1.pl\/wp-content\/uploads\/2026\/03\/01f9c391-83ec-45a6-a48b-777a7b62ea86-768x1024.jpg\" alt=\"\" class=\"wp-image-7893\" srcset=\"https:\/\/szkola1.pl\/wp-content\/uploads\/2026\/03\/01f9c391-83ec-45a6-a48b-777a7b62ea86-768x1024.jpg 768w, https:\/\/szkola1.pl\/wp-content\/uploads\/2026\/03\/01f9c391-83ec-45a6-a48b-777a7b62ea86-225x300.jpg 225w, https:\/\/szkola1.pl\/wp-content\/uploads\/2026\/03\/01f9c391-83ec-45a6-a48b-777a7b62ea86-1152x1536.jpg 1152w, https:\/\/szkola1.pl\/wp-content\/uploads\/2026\/03\/01f9c391-83ec-45a6-a48b-777a7b62ea86-810x1080.jpg 810w, https:\/\/szkola1.pl\/wp-content\/uploads\/2026\/03\/01f9c391-83ec-45a6-a48b-777a7b62ea86.jpg 1536w\" sizes=\"(max-width: 768px) 100vw, 768px\" \/><\/figure>\n\n\n\n<figure class=\"wp-block-image size-large\"><img loading=\"lazy\" decoding=\"async\" width=\"768\" height=\"1024\" data-id=\"7891\" src=\"https:\/\/szkola1.pl\/wp-content\/uploads\/2026\/03\/b2287551-24ca-45d9-a6f6-98906462e906-768x1024.jpg\" alt=\"\" class=\"wp-image-7891\" srcset=\"https:\/\/szkola1.pl\/wp-content\/uploads\/2026\/03\/b2287551-24ca-45d9-a6f6-98906462e906-768x1024.jpg 768w, https:\/\/szkola1.pl\/wp-content\/uploads\/2026\/03\/b2287551-24ca-45d9-a6f6-98906462e906-225x300.jpg 225w, https:\/\/szkola1.pl\/wp-content\/uploads\/2026\/03\/b2287551-24ca-45d9-a6f6-98906462e906-1152x1536.jpg 1152w, https:\/\/szkola1.pl\/wp-content\/uploads\/2026\/03\/b2287551-24ca-45d9-a6f6-98906462e906-810x1080.jpg 810w, https:\/\/szkola1.pl\/wp-content\/uploads\/2026\/03\/b2287551-24ca-45d9-a6f6-98906462e906.jpg 1536w\" sizes=\"(max-width: 768px) 100vw, 768px\" \/><\/figure>\n<\/figure>\n","protected":false},"excerpt":{"rendered":"<p>\u015awiatowy Tydzie\u0144 M\u00f3zgu jest globaln\u0105 inicjatyw\u0105 maj\u0105c\u0105 na celu promowanie wiedzy na temat m\u00f3zgu, jego funkcji oraz najnowszych osi\u0105gni\u0119\u0107 w dziedzinie neuronauki. W naszej szkole Tydzie\u0144 M\u00f3zgu obchodzimy w dniach od 16 do 20 marca. Has\u0142em przewodnim jest HIGIENA M\u00d3ZGU. G\u0142\u00f3wnym zagadnieniem, kt\u00f3rym b\u0119dziemy zajmowa\u0107 si\u0119 w tym czasie s\u0105 czasopochnianiacze (telefon kom\u00f3rkowy, gry komputerowe) oraz ich wp\u0142yw na zdrowe [&hellip;]<\/p>\n","protected":false},"author":1,"featured_media":7891,"comment_status":"closed","ping_status":"closed","sticky":false,"template":"","format":"standard","meta":{"saved_in_kubio":false,"_eb_attr":"","footnotes":""},"categories":[5],"tags":[],"class_list":["post-7890","post","type-post","status-publish","format-standard","has-post-thumbnail","hentry","category-aktualnosci"],"_links":{"self":[{"href":"https:\/\/szkola1.pl\/index.php\/wp-json\/wp\/v2\/posts\/7890","targetHints":{"allow":["GET"]}}],"collection":[{"href":"https:\/\/szkola1.pl\/index.php\/wp-json\/wp\/v2\/posts"}],"about":[{"href":"https:\/\/szkola1.pl\/index.php\/wp-json\/wp\/v2\/types\/post"}],"author":[{"embeddable":true,"href":"https:\/\/szkola1.pl\/index.php\/wp-json\/wp\/v2\/users\/1"}],"replies":[{"embeddable":true,"href":"https:\/\/szkola1.pl\/index.php\/wp-json\/wp\/v2\/comments?post=7890"}],"version-history":[{"count":1,"href":"https:\/\/szkola1.pl\/index.php\/wp-json\/wp\/v2\/posts\/7890\/revisions"}],"predecessor-version":[{"id":7894,"href":"https:\/\/szkola1.pl\/index.php\/wp-json\/wp\/v2\/posts\/7890\/revisions\/7894"}],"wp:featuredmedia":[{"embeddable":true,"href":"https:\/\/szkola1.pl\/index.php\/wp-json\/wp\/v2\/media\/7891"}],"wp:attachment":[{"href":"https:\/\/szkola1.pl\/index.php\/wp-json\/wp\/v2\/media?parent=7890"}],"wp:term":[{"taxonomy":"category","embeddable":true,"href":"https:\/\/szkola1.pl\/index.php\/wp-json\/wp\/v2\/categories?post=7890"},{"taxonomy":"post_tag","embeddable":true,"href":"https:\/\/szkola1.pl\/index.php\/wp-json\/wp\/v2\/tags?post=7890"}],"curies":[{"name":"wp","href":"https:\/\/api.w.org\/{rel}","templated":true}]}}