{"id":740,"date":"2022-11-24T18:56:46","date_gmt":"2022-11-24T18:56:46","guid":{"rendered":"https:\/\/szkola-nr-1.pl\/?p=740"},"modified":"2022-11-24T18:56:46","modified_gmt":"2022-11-24T18:56:46","slug":"miejsce-pamieci-o-bohaterach","status":"publish","type":"post","link":"https:\/\/szkola1.pl\/index.php\/2022\/11\/24\/miejsce-pamieci-o-bohaterach\/","title":{"rendered":"Miejsce pami\u0119ci o bohaterach"},"content":{"rendered":"\n<p>Uczniowie naszej szko\u0142y wzi\u0119li udzia\u0142 w og\u00f3lnopolskim konkursie organizowanym przez Instytut Pami\u0119ci Narodowej pt.&#8221;Miejsce pami\u0119ci o bohaterach&#8221;.<\/p>\n\n\n\n<p>W ramach konkursu m\u0142odzie\u017c mia\u0142a za zadanie zapali\u0107 znicz oraz wykona\u0107 zdj\u0119cie w miejscu pami\u0119ci swojej miejscowo\u015bci.<\/p>\n\n\n\n<p>W\u015br\u00f3d laureat\u00f3w znalaz\u0142o si\u0119 dw\u00f3ch uczni\u00f3w naszej szko\u0142y. Pierwsze miejsce zaj\u0119\u0142a praca Rados\u0142awa Cierpisza z klasy 3 TP, a wyr\u00f3\u017cnieniem zosta\u0142a nagrodzona uczennica klasy 4 TOT &#8211; Julia Rzymkowska.<\/p>\n\n\n\n<p>Uczniowie zostan\u0105 wynagrodzeni przez organizatora konkursu nagrodami rzeczowymi.<\/p>\n\n\n\n<p>Za udzia\u0142 w konkursie og\u00f3lnopolskim, wymienieni laureaci zostali dodatkowo nagrodzeni ocenami celuj\u0105cymi z przedmiotu historia.<\/p>\n\n\n\n<p>Gratulujemy!<\/p>\n\n\n\n<div class=\"wp-block-essential-blocks-image-gallery\"><div class=\"eb-parent-wrapper eb-parent-eb-image-gallery-c7zlcag \"><div class=\"eb-gallery-img-wrapper eb-image-gallery-c7zlcag grid overlay-bottom caption-style-0 \" data-id=\"eb-image-gallery-c7zlcag\"><a href=\"https:\/\/szkola-nr-1.pl\/wp-content\/uploads\/2022\/11\/Screenshot_20221124_192235_Facebook.jpg\" class=\"eb-gallery-img-content\" data-fslightbox=\"gallery\" data-type=\"image\"><span class=\"eb-gallery-link-wrapper\"><img decoding=\"async\" class=\"eb-gallery-img\" src=\"https:\/\/szkola-nr-1.pl\/wp-content\/uploads\/2022\/11\/Screenshot_20221124_192235_Facebook.jpg\" image-index=\"0\"\/><\/span><\/a><a href=\"https:\/\/szkola-nr-1.pl\/wp-content\/uploads\/2022\/11\/Screenshot_20221124_192325_Facebook.jpg\" class=\"eb-gallery-img-content\" data-fslightbox=\"gallery\" data-type=\"image\"><span class=\"eb-gallery-link-wrapper\"><img decoding=\"async\" class=\"eb-gallery-img\" src=\"https:\/\/szkola-nr-1.pl\/wp-content\/uploads\/2022\/11\/Screenshot_20221124_192325_Facebook.jpg\" image-index=\"1\"\/><\/span><\/a><a href=\"https:\/\/szkola-nr-1.pl\/wp-content\/uploads\/2022\/11\/Screenshot_20221124_192442_Facebook.jpg\" class=\"eb-gallery-img-content\" data-fslightbox=\"gallery\" data-type=\"image\"><span class=\"eb-gallery-link-wrapper\"><img decoding=\"async\" class=\"eb-gallery-img\" src=\"https:\/\/szkola-nr-1.pl\/wp-content\/uploads\/2022\/11\/Screenshot_20221124_192442_Facebook.jpg\" image-index=\"2\"\/><\/span><\/a><\/div><\/div><\/div>\n","protected":false},"excerpt":{"rendered":"<p>Uczniowie naszej szko\u0142y wzi\u0119li udzia\u0142 w og\u00f3lnopolskim konkursie organizowanym przez Instytut Pami\u0119ci Narodowej pt.&#8221;Miejsce pami\u0119ci o bohaterach&#8221;. W ramach konkursu m\u0142odzie\u017c mia\u0142a za zadanie zapali\u0107 znicz oraz wykona\u0107 zdj\u0119cie w miejscu pami\u0119ci swojej miejscowo\u015bci. W\u015br\u00f3d laureat\u00f3w znalaz\u0142o si\u0119 dw\u00f3ch uczni\u00f3w naszej szko\u0142y. Pierwsze miejsce zaj\u0119\u0142a praca Rados\u0142awa Cierpisza z klasy 3 TP, a wyr\u00f3\u017cnieniem zosta\u0142a nagrodzona uczennica klasy 4 TOT [&hellip;]<\/p>\n","protected":false},"author":1,"featured_media":743,"comment_status":"closed","ping_status":"closed","sticky":false,"template":"","format":"standard","meta":{"saved_in_kubio":false,"_eb_attr":"","footnotes":""},"categories":[5],"tags":[],"class_list":["post-740","post","type-post","status-publish","format-standard","has-post-thumbnail","hentry","category-aktualnosci"],"_links":{"self":[{"href":"https:\/\/szkola1.pl\/index.php\/wp-json\/wp\/v2\/posts\/740","targetHints":{"allow":["GET"]}}],"collection":[{"href":"https:\/\/szkola1.pl\/index.php\/wp-json\/wp\/v2\/posts"}],"about":[{"href":"https:\/\/szkola1.pl\/index.php\/wp-json\/wp\/v2\/types\/post"}],"author":[{"embeddable":true,"href":"https:\/\/szkola1.pl\/index.php\/wp-json\/wp\/v2\/users\/1"}],"replies":[{"embeddable":true,"href":"https:\/\/szkola1.pl\/index.php\/wp-json\/wp\/v2\/comments?post=740"}],"version-history":[{"count":1,"href":"https:\/\/szkola1.pl\/index.php\/wp-json\/wp\/v2\/posts\/740\/revisions"}],"predecessor-version":[{"id":744,"href":"https:\/\/szkola1.pl\/index.php\/wp-json\/wp\/v2\/posts\/740\/revisions\/744"}],"wp:featuredmedia":[{"embeddable":true,"href":"https:\/\/szkola1.pl\/index.php\/wp-json\/wp\/v2\/media\/743"}],"wp:attachment":[{"href":"https:\/\/szkola1.pl\/index.php\/wp-json\/wp\/v2\/media?parent=740"}],"wp:term":[{"taxonomy":"category","embeddable":true,"href":"https:\/\/szkola1.pl\/index.php\/wp-json\/wp\/v2\/categories?post=740"},{"taxonomy":"post_tag","embeddable":true,"href":"https:\/\/szkola1.pl\/index.php\/wp-json\/wp\/v2\/tags?post=740"}],"curies":[{"name":"wp","href":"https:\/\/api.w.org\/{rel}","templated":true}]}}