{"id":7313,"date":"2025-11-16T17:22:34","date_gmt":"2025-11-16T17:22:34","guid":{"rendered":"https:\/\/szkola1.pl\/?p=7313"},"modified":"2025-11-16T17:22:34","modified_gmt":"2025-11-16T17:22:34","slug":"otwarcie-nowej-siedziby-startours","status":"publish","type":"post","link":"https:\/\/szkola1.pl\/index.php\/2025\/11\/16\/otwarcie-nowej-siedziby-startours\/","title":{"rendered":"Otwarcie nowej siedziby StarTours"},"content":{"rendered":"\n<p>10 listopada 2025 r., nauczyciele przedmiot\u00f3w zawodowych w zawodzie technik organizacji turystyki mieli przyjemno\u015b\u0107 uczestniczy\u0107 \u2013 na zaproszenie w\u0142a\u015bcicielki biura, Pani Aleksandry Dmytrasz \u2013 w otwarciu nowej siedziby StarTours w Toruniu. Miejsce to powsta\u0142o z pasji do odkrywania \u015bwiata oraz tworzenia wyj\u0105tkowych, niezapomnianych wspomnie\u0144.<\/p>\n\n\n\n<p>W programie wydarzenia znalaz\u0142y si\u0119, m.in. kulinarne inspiracje z r\u00f3\u017cnych zak\u0105tk\u00f3w \u015bwiata, w tym pokaz gotowania na \u017cywo po\u0142\u0105czony z degustacj\u0105. Go\u015bciem specjalnym by\u0142 Dawid Andres \u2013 podr\u00f3\u017cnik i prezenter telewizyjny znany z programu \u201eCi\u0119\u017car\u00f3wk\u0105 przez Stany\u201d, kt\u00f3ry poprowadzi\u0142 inspiruj\u0105cy panel dyskusyjny pt. \u201ePodr\u00f3\u017c, kt\u00f3ra zmienia\u201d.<\/p>\n\n\n\n<p>Spotkanie sta\u0142o si\u0119 doskona\u0142\u0105 okazj\u0105 do wymiany do\u015bwiadcze\u0144 oraz rozm\u00f3w z przedstawicielami bran\u017cy turystycznej.<\/p>\n\n\n\n<p>Serdecznie dzi\u0119kujemy za zaproszenie!<\/p>\n\n\n\n<figure class=\"wp-block-gallery has-nested-images columns-default is-cropped wp-block-gallery-1 is-layout-flex wp-block-gallery-is-layout-flex\">\n<figure class=\"wp-block-image size-large\"><img loading=\"lazy\" decoding=\"async\" width=\"1024\" height=\"743\" data-id=\"7314\" src=\"https:\/\/szkola1.pl\/wp-content\/uploads\/2025\/11\/Dawid-6.png-poprawione-1024x743.png\" alt=\"\" class=\"wp-image-7314\" srcset=\"https:\/\/szkola1.pl\/wp-content\/uploads\/2025\/11\/Dawid-6.png-poprawione-1024x743.png 1024w, https:\/\/szkola1.pl\/wp-content\/uploads\/2025\/11\/Dawid-6.png-poprawione-300x218.png 300w, https:\/\/szkola1.pl\/wp-content\/uploads\/2025\/11\/Dawid-6.png-poprawione-768x557.png 768w, https:\/\/szkola1.pl\/wp-content\/uploads\/2025\/11\/Dawid-6.png-poprawione.png 1196w\" sizes=\"(max-width: 1024px) 100vw, 1024px\" \/><\/figure>\n\n\n\n<figure class=\"wp-block-image size-large\"><img loading=\"lazy\" decoding=\"async\" width=\"768\" height=\"1024\" data-id=\"7316\" src=\"https:\/\/szkola1.pl\/wp-content\/uploads\/2025\/11\/IMG_20251110_161232965_HDR-768x1024.jpg\" alt=\"\" class=\"wp-image-7316\" srcset=\"https:\/\/szkola1.pl\/wp-content\/uploads\/2025\/11\/IMG_20251110_161232965_HDR-768x1024.jpg 768w, https:\/\/szkola1.pl\/wp-content\/uploads\/2025\/11\/IMG_20251110_161232965_HDR-225x300.jpg 225w, https:\/\/szkola1.pl\/wp-content\/uploads\/2025\/11\/IMG_20251110_161232965_HDR-1152x1536.jpg 1152w, https:\/\/szkola1.pl\/wp-content\/uploads\/2025\/11\/IMG_20251110_161232965_HDR-1536x2048.jpg 1536w, https:\/\/szkola1.pl\/wp-content\/uploads\/2025\/11\/IMG_20251110_161232965_HDR-scaled.jpg 1920w\" sizes=\"(max-width: 768px) 100vw, 768px\" \/><\/figure>\n\n\n\n<figure class=\"wp-block-image size-large\"><img loading=\"lazy\" decoding=\"async\" width=\"1024\" height=\"768\" data-id=\"7315\" src=\"https:\/\/szkola1.pl\/wp-content\/uploads\/2025\/11\/IMG_20251110_181538637_HDR-1024x768.jpg\" alt=\"\" class=\"wp-image-7315\" srcset=\"https:\/\/szkola1.pl\/wp-content\/uploads\/2025\/11\/IMG_20251110_181538637_HDR-1024x768.jpg 1024w, https:\/\/szkola1.pl\/wp-content\/uploads\/2025\/11\/IMG_20251110_181538637_HDR-300x225.jpg 300w, https:\/\/szkola1.pl\/wp-content\/uploads\/2025\/11\/IMG_20251110_181538637_HDR-768x576.jpg 768w, https:\/\/szkola1.pl\/wp-content\/uploads\/2025\/11\/IMG_20251110_181538637_HDR-1536x1152.jpg 1536w, https:\/\/szkola1.pl\/wp-content\/uploads\/2025\/11\/IMG_20251110_181538637_HDR-2048x1536.jpg 2048w\" sizes=\"(max-width: 1024px) 100vw, 1024px\" \/><\/figure>\n<\/figure>\n","protected":false},"excerpt":{"rendered":"<p>10 listopada 2025 r., nauczyciele przedmiot\u00f3w zawodowych w zawodzie technik organizacji turystyki mieli przyjemno\u015b\u0107 uczestniczy\u0107 \u2013 na zaproszenie w\u0142a\u015bcicielki biura, Pani Aleksandry Dmytrasz \u2013 w otwarciu nowej siedziby StarTours w Toruniu. Miejsce to powsta\u0142o z pasji do odkrywania \u015bwiata oraz tworzenia wyj\u0105tkowych, niezapomnianych wspomnie\u0144. W programie wydarzenia znalaz\u0142y si\u0119, m.in. kulinarne inspiracje z r\u00f3\u017cnych zak\u0105tk\u00f3w \u015bwiata, w tym pokaz gotowania [&hellip;]<\/p>\n","protected":false},"author":1,"featured_media":7316,"comment_status":"closed","ping_status":"closed","sticky":false,"template":"","format":"standard","meta":{"saved_in_kubio":false,"_eb_attr":"","footnotes":""},"categories":[5],"tags":[],"class_list":["post-7313","post","type-post","status-publish","format-standard","has-post-thumbnail","hentry","category-aktualnosci"],"_links":{"self":[{"href":"https:\/\/szkola1.pl\/index.php\/wp-json\/wp\/v2\/posts\/7313","targetHints":{"allow":["GET"]}}],"collection":[{"href":"https:\/\/szkola1.pl\/index.php\/wp-json\/wp\/v2\/posts"}],"about":[{"href":"https:\/\/szkola1.pl\/index.php\/wp-json\/wp\/v2\/types\/post"}],"author":[{"embeddable":true,"href":"https:\/\/szkola1.pl\/index.php\/wp-json\/wp\/v2\/users\/1"}],"replies":[{"embeddable":true,"href":"https:\/\/szkola1.pl\/index.php\/wp-json\/wp\/v2\/comments?post=7313"}],"version-history":[{"count":1,"href":"https:\/\/szkola1.pl\/index.php\/wp-json\/wp\/v2\/posts\/7313\/revisions"}],"predecessor-version":[{"id":7317,"href":"https:\/\/szkola1.pl\/index.php\/wp-json\/wp\/v2\/posts\/7313\/revisions\/7317"}],"wp:featuredmedia":[{"embeddable":true,"href":"https:\/\/szkola1.pl\/index.php\/wp-json\/wp\/v2\/media\/7316"}],"wp:attachment":[{"href":"https:\/\/szkola1.pl\/index.php\/wp-json\/wp\/v2\/media?parent=7313"}],"wp:term":[{"taxonomy":"category","embeddable":true,"href":"https:\/\/szkola1.pl\/index.php\/wp-json\/wp\/v2\/categories?post=7313"},{"taxonomy":"post_tag","embeddable":true,"href":"https:\/\/szkola1.pl\/index.php\/wp-json\/wp\/v2\/tags?post=7313"}],"curies":[{"name":"wp","href":"https:\/\/api.w.org\/{rel}","templated":true}]}}