{"id":6566,"date":"2025-07-16T13:39:07","date_gmt":"2025-07-16T13:39:07","guid":{"rendered":"https:\/\/szkola1.pl\/?p=6566"},"modified":"2025-07-16T13:39:07","modified_gmt":"2025-07-16T13:39:07","slug":"zawiadomienie-o-pogrzebie-sp-stanislawa-staszewskiego","status":"publish","type":"post","link":"https:\/\/szkola1.pl\/index.php\/2025\/07\/16\/zawiadomienie-o-pogrzebie-sp-stanislawa-staszewskiego\/","title":{"rendered":"Zawiadomienie o pogrzebie \u015bp. Stanis\u0142awa Staszewskiego"},"content":{"rendered":"\n<p>\u015aP. Stanis\u0142aw Staszewski zmar\u0142 10 Lipca 2025 roku, prze\u017cywszy 80 lat.<\/p>\n\n\n\n<p>By\u0142 on dziennikarzem, ogrodnikiem, absolwentem Technikum Nr 1 Centrum Kszta\u0142cenia Praktycznego <\/p>\n\n\n\n<p>w Aleksandrowie Kujawskim. Pogrzeb zmar\u0142ego odb\u0119dzie si\u0119 16 lipca 2025 roku o godzinie 11:00 <\/p>\n\n\n\n<p>w rodzinnym Skulsku.<\/p>\n\n\n\n<p><\/p>\n","protected":false},"excerpt":{"rendered":"<p>\u015aP. Stanis\u0142aw Staszewski zmar\u0142 10 Lipca 2025 roku, prze\u017cywszy 80 lat. By\u0142 on dziennikarzem, ogrodnikiem, absolwentem Technikum Nr 1 Centrum Kszta\u0142cenia Praktycznego w Aleksandrowie Kujawskim. Pogrzeb zmar\u0142ego odb\u0119dzie si\u0119 16 lipca 2025 roku o godzinie 11:00 w rodzinnym Skulsku.<\/p>\n","protected":false},"author":1,"featured_media":6567,"comment_status":"closed","ping_status":"closed","sticky":false,"template":"","format":"standard","meta":{"saved_in_kubio":false,"_eb_attr":"","footnotes":""},"categories":[5],"tags":[],"class_list":["post-6566","post","type-post","status-publish","format-standard","has-post-thumbnail","hentry","category-aktualnosci"],"_links":{"self":[{"href":"https:\/\/szkola1.pl\/index.php\/wp-json\/wp\/v2\/posts\/6566","targetHints":{"allow":["GET"]}}],"collection":[{"href":"https:\/\/szkola1.pl\/index.php\/wp-json\/wp\/v2\/posts"}],"about":[{"href":"https:\/\/szkola1.pl\/index.php\/wp-json\/wp\/v2\/types\/post"}],"author":[{"embeddable":true,"href":"https:\/\/szkola1.pl\/index.php\/wp-json\/wp\/v2\/users\/1"}],"replies":[{"embeddable":true,"href":"https:\/\/szkola1.pl\/index.php\/wp-json\/wp\/v2\/comments?post=6566"}],"version-history":[{"count":1,"href":"https:\/\/szkola1.pl\/index.php\/wp-json\/wp\/v2\/posts\/6566\/revisions"}],"predecessor-version":[{"id":6568,"href":"https:\/\/szkola1.pl\/index.php\/wp-json\/wp\/v2\/posts\/6566\/revisions\/6568"}],"wp:featuredmedia":[{"embeddable":true,"href":"https:\/\/szkola1.pl\/index.php\/wp-json\/wp\/v2\/media\/6567"}],"wp:attachment":[{"href":"https:\/\/szkola1.pl\/index.php\/wp-json\/wp\/v2\/media?parent=6566"}],"wp:term":[{"taxonomy":"category","embeddable":true,"href":"https:\/\/szkola1.pl\/index.php\/wp-json\/wp\/v2\/categories?post=6566"},{"taxonomy":"post_tag","embeddable":true,"href":"https:\/\/szkola1.pl\/index.php\/wp-json\/wp\/v2\/tags?post=6566"}],"curies":[{"name":"wp","href":"https:\/\/api.w.org\/{rel}","templated":true}]}}