{"id":6562,"date":"2025-07-09T11:35:55","date_gmt":"2025-07-09T11:35:55","guid":{"rendered":"https:\/\/szkola1.pl\/?p=6562"},"modified":"2025-07-09T11:35:55","modified_gmt":"2025-07-09T11:35:55","slug":"egzamin-poprawkowy-maturalny","status":"publish","type":"post","link":"https:\/\/szkola1.pl\/index.php\/2025\/07\/09\/egzamin-poprawkowy-maturalny\/","title":{"rendered":"Egzamin Poprawkowy maturalny"},"content":{"rendered":"\n<p>UWAGA!<\/p>\n\n\n\n<p>Osoby, kt\u00f3re chc\u0105 przyst\u0105pi\u0107 do Egzaminu Poprawkowego maturalnego, powinny z\u0142o\u017cy\u0107 o\u015bwiadczenie do dyrektora szko\u0142y do 15 lipca 2025 r. Ponadto, nale\u017cy z\u0142o\u017cy\u0107 deklaracj\u0119 o popraw\u0119 w systemie elektronicznym (ZIU).<\/p>\n","protected":false},"excerpt":{"rendered":"<p>UWAGA! Osoby, kt\u00f3re chc\u0105 przyst\u0105pi\u0107 do Egzaminu Poprawkowego maturalnego, powinny z\u0142o\u017cy\u0107 o\u015bwiadczenie do dyrektora szko\u0142y do 15 lipca 2025 r. Ponadto, nale\u017cy z\u0142o\u017cy\u0107 deklaracj\u0119 o popraw\u0119 w systemie elektronicznym (ZIU).<\/p>\n","protected":false},"author":1,"featured_media":6563,"comment_status":"closed","ping_status":"closed","sticky":false,"template":"","format":"standard","meta":{"saved_in_kubio":false,"_eb_attr":"","footnotes":""},"categories":[5],"tags":[],"class_list":["post-6562","post","type-post","status-publish","format-standard","has-post-thumbnail","hentry","category-aktualnosci"],"_links":{"self":[{"href":"https:\/\/szkola1.pl\/index.php\/wp-json\/wp\/v2\/posts\/6562","targetHints":{"allow":["GET"]}}],"collection":[{"href":"https:\/\/szkola1.pl\/index.php\/wp-json\/wp\/v2\/posts"}],"about":[{"href":"https:\/\/szkola1.pl\/index.php\/wp-json\/wp\/v2\/types\/post"}],"author":[{"embeddable":true,"href":"https:\/\/szkola1.pl\/index.php\/wp-json\/wp\/v2\/users\/1"}],"replies":[{"embeddable":true,"href":"https:\/\/szkola1.pl\/index.php\/wp-json\/wp\/v2\/comments?post=6562"}],"version-history":[{"count":1,"href":"https:\/\/szkola1.pl\/index.php\/wp-json\/wp\/v2\/posts\/6562\/revisions"}],"predecessor-version":[{"id":6564,"href":"https:\/\/szkola1.pl\/index.php\/wp-json\/wp\/v2\/posts\/6562\/revisions\/6564"}],"wp:featuredmedia":[{"embeddable":true,"href":"https:\/\/szkola1.pl\/index.php\/wp-json\/wp\/v2\/media\/6563"}],"wp:attachment":[{"href":"https:\/\/szkola1.pl\/index.php\/wp-json\/wp\/v2\/media?parent=6562"}],"wp:term":[{"taxonomy":"category","embeddable":true,"href":"https:\/\/szkola1.pl\/index.php\/wp-json\/wp\/v2\/categories?post=6562"},{"taxonomy":"post_tag","embeddable":true,"href":"https:\/\/szkola1.pl\/index.php\/wp-json\/wp\/v2\/tags?post=6562"}],"curies":[{"name":"wp","href":"https:\/\/api.w.org\/{rel}","templated":true}]}}