{"id":6404,"date":"2025-06-26T18:54:25","date_gmt":"2025-06-26T18:54:25","guid":{"rendered":"https:\/\/szkola1.pl\/?p=6404"},"modified":"2025-06-26T18:56:58","modified_gmt":"2025-06-26T18:56:58","slug":"uroczyste-zakonczenie-roku-szkolnego-2","status":"publish","type":"post","link":"https:\/\/szkola1.pl\/index.php\/2025\/06\/26\/uroczyste-zakonczenie-roku-szkolnego-2\/","title":{"rendered":"Uroczyste zako\u0144czenie roku szkolnego"},"content":{"rendered":"\n<p>Uroczyste zako\u0144czenie roku szkolnego odb\u0119dzie si\u0119 jutro o godz. 9:00.<\/p>\n\n\n\n<p>Wszystkich uczni\u00f3w obowi\u0105zuje str\u00f3j galowy.<\/p>\n\n\n\n<p><\/p>\n","protected":false},"excerpt":{"rendered":"<p>Uroczyste zako\u0144czenie roku szkolnego odb\u0119dzie si\u0119 jutro o godz. 9:00. Wszystkich uczni\u00f3w obowi\u0105zuje str\u00f3j galowy.<\/p>\n","protected":false},"author":1,"featured_media":6407,"comment_status":"closed","ping_status":"closed","sticky":false,"template":"","format":"standard","meta":{"saved_in_kubio":false,"_eb_attr":"","footnotes":""},"categories":[5],"tags":[],"class_list":["post-6404","post","type-post","status-publish","format-standard","has-post-thumbnail","hentry","category-aktualnosci"],"_links":{"self":[{"href":"https:\/\/szkola1.pl\/index.php\/wp-json\/wp\/v2\/posts\/6404","targetHints":{"allow":["GET"]}}],"collection":[{"href":"https:\/\/szkola1.pl\/index.php\/wp-json\/wp\/v2\/posts"}],"about":[{"href":"https:\/\/szkola1.pl\/index.php\/wp-json\/wp\/v2\/types\/post"}],"author":[{"embeddable":true,"href":"https:\/\/szkola1.pl\/index.php\/wp-json\/wp\/v2\/users\/1"}],"replies":[{"embeddable":true,"href":"https:\/\/szkola1.pl\/index.php\/wp-json\/wp\/v2\/comments?post=6404"}],"version-history":[{"count":1,"href":"https:\/\/szkola1.pl\/index.php\/wp-json\/wp\/v2\/posts\/6404\/revisions"}],"predecessor-version":[{"id":6406,"href":"https:\/\/szkola1.pl\/index.php\/wp-json\/wp\/v2\/posts\/6404\/revisions\/6406"}],"wp:featuredmedia":[{"embeddable":true,"href":"https:\/\/szkola1.pl\/index.php\/wp-json\/wp\/v2\/media\/6407"}],"wp:attachment":[{"href":"https:\/\/szkola1.pl\/index.php\/wp-json\/wp\/v2\/media?parent=6404"}],"wp:term":[{"taxonomy":"category","embeddable":true,"href":"https:\/\/szkola1.pl\/index.php\/wp-json\/wp\/v2\/categories?post=6404"},{"taxonomy":"post_tag","embeddable":true,"href":"https:\/\/szkola1.pl\/index.php\/wp-json\/wp\/v2\/tags?post=6404"}],"curies":[{"name":"wp","href":"https:\/\/api.w.org\/{rel}","templated":true}]}}