{"id":5546,"date":"2025-04-18T08:40:03","date_gmt":"2025-04-18T08:40:03","guid":{"rendered":"https:\/\/szkola1.pl\/?p=5546"},"modified":"2025-04-18T08:40:03","modified_gmt":"2025-04-18T08:40:03","slug":"pielgrzymka-na-jasna-gore","status":"publish","type":"post","link":"https:\/\/szkola1.pl\/index.php\/2025\/04\/18\/pielgrzymka-na-jasna-gore\/","title":{"rendered":"Pielgrzymka na Jasn\u0105 G\u00f3r\u0119"},"content":{"rendered":"\n<p>01 kwietnia 2025 roku ,uczniowie klas maturalnych\u00a0 naszej szko\u0142y wzi\u0119li udzia\u0142 w diecezjalnej pielgrzymce na Jasn\u0105 G\u00f3r\u0119. To wydarzenie sta\u0142o si\u0119 dla nich wyj\u0105tkowym duchowym przygotowaniem do nadchodz\u0105cych egzamin\u00f3w.<\/p>\n\n\n\n<p>Tego dnia Jasna G\u00f3ra t\u0119tni\u0142a \u017cyciem m\u0142odzie\u017cy z diecezji w\u0142oc\u0142awskiej. Do sanktuarium przyby\u0142o \u0142\u0105cznie 1913 maturzyst\u00f3w oraz 159 katechet\u00f3w i opiekun\u00f3w.<\/p>\n\n\n\n<p>Pielgrzymk\u0119 zainaugurowano w Bazylice Jasnog\u00f3rskiej, gdzie mia\u0142o miejsce zawi\u0105zanie wsp\u00f3lnoty oraz konferencja duchowa prowadzona przez ksi\u0119\u017cy Tadeusza Baranowskiego i Jaros\u0142awa Krawczyka.<\/p>\n\n\n\n<p>Nast\u0119pnie odby\u0142a si\u0119 adoracja Naj\u015bwi\u0119tszego Sakramentu. Wielu uczestnik\u00f3w przyst\u0105pi\u0142o w tym czasie do sakramentu pokuty. Kolejnym etapem by\u0142a Droga Krzy\u017cowa na jasnog\u00f3rskich wa\u0142ach, podczas kt\u00f3rej m\u0142odzi modlili si\u0119 przy replice Krzy\u017ca \u015awiatowych Dni M\u0142odzie\u017cy.<\/p>\n\n\n\n<p>Zwie\u0144czeniem pielgrzymki by\u0142a uroczysta Msza \u015awi\u0119ta w Bazylice, kt\u00f3rej przewodniczy\u0142 biskup w\u0142oc\u0142awski Krzysztof W\u0119tkowski, kt\u00f3ry na<\/p>\n\n\n\n<p>&nbsp;zako\u0144czenie&nbsp; przypomnia\u0142, \u017ce matura to nie tylko sprawdzian wiedzy, ale tak\u017ce \u201eegzamin dojrza\u0142o\u015bci\u201d, kt\u00f3ry ka\u017cdy b\u0119dzie zdawa\u0107 przez ca\u0142e \u017cycie \u2013 jako cz\u0142owiek i jako osoba wierz\u0105ca. Wskaza\u0142 na znaczenie miejsc takich jak Jasna G\u00f3ra, kt\u00f3re pozwalaj\u0105 na duchowe wyciszenie i odnalezienie sensu w codzienno\u015bci. Przypomnia\u0142 te\u017c o warto\u015bci dzi\u0119kczynienia \u2013 po pomy\u015blnym egzaminie warto wyrazi\u0107 wdzi\u0119czno\u015b\u0107 Bogu, chocia\u017cby poprzez pielgrzymk\u0119.<\/p>\n\n\n\n<p>Na zako\u0144czenie ka\u017cdy maturzysta otrzyma\u0142 pami\u0105tkowy r\u00f3\u017caniec \u2013 symbol modlitwy, kt\u00f3ra ma towarzyszy\u0107 im ka\u017cdego dnia, nie tylko w chwilach pr\u00f3by, ale r\u00f3wnie\u017c w codziennym \u017cyciu.<\/p>\n\n\n\n<figure class=\"wp-block-gallery has-nested-images columns-default is-cropped wp-block-gallery-1 is-layout-flex wp-block-gallery-is-layout-flex\">\n<figure class=\"wp-block-image size-large\"><img loading=\"lazy\" decoding=\"async\" width=\"1024\" height=\"768\" data-id=\"5547\" src=\"https:\/\/szkola1.pl\/wp-content\/uploads\/2025\/04\/IMG-20250401-WA0000-1024x768.jpg\" alt=\"\" class=\"wp-image-5547\" srcset=\"https:\/\/szkola1.pl\/wp-content\/uploads\/2025\/04\/IMG-20250401-WA0000-1024x768.jpg 1024w, https:\/\/szkola1.pl\/wp-content\/uploads\/2025\/04\/IMG-20250401-WA0000-300x225.jpg 300w, https:\/\/szkola1.pl\/wp-content\/uploads\/2025\/04\/IMG-20250401-WA0000-768x576.jpg 768w, https:\/\/szkola1.pl\/wp-content\/uploads\/2025\/04\/IMG-20250401-WA0000-1536x1152.jpg 1536w, https:\/\/szkola1.pl\/wp-content\/uploads\/2025\/04\/IMG-20250401-WA0000.jpg 1600w\" sizes=\"(max-width: 1024px) 100vw, 1024px\" \/><\/figure>\n<\/figure>\n","protected":false},"excerpt":{"rendered":"<p>01 kwietnia 2025 roku ,uczniowie klas maturalnych\u00a0 naszej szko\u0142y wzi\u0119li udzia\u0142 w diecezjalnej pielgrzymce na Jasn\u0105 G\u00f3r\u0119. To wydarzenie sta\u0142o si\u0119 dla nich wyj\u0105tkowym duchowym przygotowaniem do nadchodz\u0105cych egzamin\u00f3w. Tego dnia Jasna G\u00f3ra t\u0119tni\u0142a \u017cyciem m\u0142odzie\u017cy z diecezji w\u0142oc\u0142awskiej. Do sanktuarium przyby\u0142o \u0142\u0105cznie 1913 maturzyst\u00f3w oraz 159 katechet\u00f3w i opiekun\u00f3w. Pielgrzymk\u0119 zainaugurowano w Bazylice Jasnog\u00f3rskiej, gdzie mia\u0142o miejsce zawi\u0105zanie wsp\u00f3lnoty [&hellip;]<\/p>\n","protected":false},"author":1,"featured_media":5547,"comment_status":"closed","ping_status":"closed","sticky":false,"template":"","format":"standard","meta":{"saved_in_kubio":false,"_eb_attr":"","footnotes":""},"categories":[5],"tags":[],"class_list":["post-5546","post","type-post","status-publish","format-standard","has-post-thumbnail","hentry","category-aktualnosci"],"_links":{"self":[{"href":"https:\/\/szkola1.pl\/index.php\/wp-json\/wp\/v2\/posts\/5546","targetHints":{"allow":["GET"]}}],"collection":[{"href":"https:\/\/szkola1.pl\/index.php\/wp-json\/wp\/v2\/posts"}],"about":[{"href":"https:\/\/szkola1.pl\/index.php\/wp-json\/wp\/v2\/types\/post"}],"author":[{"embeddable":true,"href":"https:\/\/szkola1.pl\/index.php\/wp-json\/wp\/v2\/users\/1"}],"replies":[{"embeddable":true,"href":"https:\/\/szkola1.pl\/index.php\/wp-json\/wp\/v2\/comments?post=5546"}],"version-history":[{"count":1,"href":"https:\/\/szkola1.pl\/index.php\/wp-json\/wp\/v2\/posts\/5546\/revisions"}],"predecessor-version":[{"id":5548,"href":"https:\/\/szkola1.pl\/index.php\/wp-json\/wp\/v2\/posts\/5546\/revisions\/5548"}],"wp:featuredmedia":[{"embeddable":true,"href":"https:\/\/szkola1.pl\/index.php\/wp-json\/wp\/v2\/media\/5547"}],"wp:attachment":[{"href":"https:\/\/szkola1.pl\/index.php\/wp-json\/wp\/v2\/media?parent=5546"}],"wp:term":[{"taxonomy":"category","embeddable":true,"href":"https:\/\/szkola1.pl\/index.php\/wp-json\/wp\/v2\/categories?post=5546"},{"taxonomy":"post_tag","embeddable":true,"href":"https:\/\/szkola1.pl\/index.php\/wp-json\/wp\/v2\/tags?post=5546"}],"curies":[{"name":"wp","href":"https:\/\/api.w.org\/{rel}","templated":true}]}}