{"id":5530,"date":"2025-04-15T18:21:29","date_gmt":"2025-04-15T18:21:29","guid":{"rendered":"https:\/\/szkola1.pl\/?p=5530"},"modified":"2025-04-15T18:22:09","modified_gmt":"2025-04-15T18:22:09","slug":"80-lecie-zespolu-szkol-nr-1-centrum-ksztalcenia-praktycznego-w-aleksandrowie-kujawskim","status":"publish","type":"post","link":"https:\/\/szkola1.pl\/index.php\/2025\/04\/15\/80-lecie-zespolu-szkol-nr-1-centrum-ksztalcenia-praktycznego-w-aleksandrowie-kujawskim\/","title":{"rendered":"80-lecie Zespo\u0142u Szk\u00f3\u0142 Nr 1 Centrum Kszta\u0142cenia Praktycznego w Aleksandrowie Kujawskim"},"content":{"rendered":"\n<figure class=\"wp-block-image size-large\"><img loading=\"lazy\" decoding=\"async\" width=\"724\" height=\"1024\" src=\"https:\/\/szkola1.pl\/wp-content\/uploads\/2025\/04\/Zdjecie-WhatsApp-2025-04-11-o-09.09.05_3a60d45d-724x1024.jpg\" alt=\"\" class=\"wp-image-5531\" srcset=\"https:\/\/szkola1.pl\/wp-content\/uploads\/2025\/04\/Zdjecie-WhatsApp-2025-04-11-o-09.09.05_3a60d45d-724x1024.jpg 724w, https:\/\/szkola1.pl\/wp-content\/uploads\/2025\/04\/Zdjecie-WhatsApp-2025-04-11-o-09.09.05_3a60d45d-212x300.jpg 212w, https:\/\/szkola1.pl\/wp-content\/uploads\/2025\/04\/Zdjecie-WhatsApp-2025-04-11-o-09.09.05_3a60d45d-768x1086.jpg 768w, https:\/\/szkola1.pl\/wp-content\/uploads\/2025\/04\/Zdjecie-WhatsApp-2025-04-11-o-09.09.05_3a60d45d-1086x1536.jpg 1086w, https:\/\/szkola1.pl\/wp-content\/uploads\/2025\/04\/Zdjecie-WhatsApp-2025-04-11-o-09.09.05_3a60d45d.jpg 1131w\" sizes=\"(max-width: 724px) 100vw, 724px\" \/><\/figure>\n","protected":false},"excerpt":{"rendered":"","protected":false},"author":1,"featured_media":5531,"comment_status":"closed","ping_status":"closed","sticky":false,"template":"","format":"standard","meta":{"saved_in_kubio":false,"_eb_attr":"","footnotes":""},"categories":[5],"tags":[],"class_list":["post-5530","post","type-post","status-publish","format-standard","has-post-thumbnail","hentry","category-aktualnosci"],"_links":{"self":[{"href":"https:\/\/szkola1.pl\/index.php\/wp-json\/wp\/v2\/posts\/5530","targetHints":{"allow":["GET"]}}],"collection":[{"href":"https:\/\/szkola1.pl\/index.php\/wp-json\/wp\/v2\/posts"}],"about":[{"href":"https:\/\/szkola1.pl\/index.php\/wp-json\/wp\/v2\/types\/post"}],"author":[{"embeddable":true,"href":"https:\/\/szkola1.pl\/index.php\/wp-json\/wp\/v2\/users\/1"}],"replies":[{"embeddable":true,"href":"https:\/\/szkola1.pl\/index.php\/wp-json\/wp\/v2\/comments?post=5530"}],"version-history":[{"count":1,"href":"https:\/\/szkola1.pl\/index.php\/wp-json\/wp\/v2\/posts\/5530\/revisions"}],"predecessor-version":[{"id":5532,"href":"https:\/\/szkola1.pl\/index.php\/wp-json\/wp\/v2\/posts\/5530\/revisions\/5532"}],"wp:featuredmedia":[{"embeddable":true,"href":"https:\/\/szkola1.pl\/index.php\/wp-json\/wp\/v2\/media\/5531"}],"wp:attachment":[{"href":"https:\/\/szkola1.pl\/index.php\/wp-json\/wp\/v2\/media?parent=5530"}],"wp:term":[{"taxonomy":"category","embeddable":true,"href":"https:\/\/szkola1.pl\/index.php\/wp-json\/wp\/v2\/categories?post=5530"},{"taxonomy":"post_tag","embeddable":true,"href":"https:\/\/szkola1.pl\/index.php\/wp-json\/wp\/v2\/tags?post=5530"}],"curies":[{"name":"wp","href":"https:\/\/api.w.org\/{rel}","templated":true}]}}