{"id":5243,"date":"2025-03-21T14:27:56","date_gmt":"2025-03-21T14:27:56","guid":{"rendered":"https:\/\/szkola1.pl\/?p=5243"},"modified":"2025-03-21T14:27:56","modified_gmt":"2025-03-21T14:27:56","slug":"ii-turniej-szachow-aktywnych-wosp-w-raciazku","status":"publish","type":"post","link":"https:\/\/szkola1.pl\/index.php\/2025\/03\/21\/ii-turniej-szachow-aktywnych-wosp-w-raciazku\/","title":{"rendered":"II Turniej Szach\u00f3w Aktywnych WO\u015aP w Raci\u0105\u017cku"},"content":{"rendered":"\n<p>W dniu 15 lutego 2025 r. odby\u0142 si\u0119 II Turniej Szach\u00f3w Aktywnych WO\u015aP w Raci\u0105\u017cku. W turnieju wzi\u0119\u0142o udzia\u0142 20 szachist\u00f3w. Drugie miejsce zaj\u0105\u0142 ucze\u0144 klasy 2 TIG Oliwier&nbsp; Gralak zdobywaj\u0105c 6\/7 punkt\u00f3w.<\/p>\n\n\n\n<p>Gratulujemy i zapraszamy na kr\u00f3tk\u0105 fotorelacj\u0119.<\/p>\n\n\n\n<figure class=\"wp-block-gallery has-nested-images columns-default is-cropped wp-block-gallery-1 is-layout-flex wp-block-gallery-is-layout-flex\">\n<figure class=\"wp-block-image\"><img decoding=\"async\" src=\"blob:https:\/\/szkola1.pl\/32f2243b-8842-4821-9e41-5bcc25c62769\" alt=\"\"\/><\/figure>\n\n\n\n<figure class=\"wp-block-image\"><img decoding=\"async\" src=\"blob:https:\/\/szkola1.pl\/7ec46d78-14f4-4fe0-9352-2b0052052354\" alt=\"\"\/><\/figure>\n\n\n\n<figure class=\"wp-block-image\"><img decoding=\"async\" src=\"blob:https:\/\/szkola1.pl\/7808618f-fdff-4d24-bab4-e7e2fdbf98f6\" alt=\"\"\/><\/figure>\n\n\n\n<figure class=\"wp-block-image\"><img decoding=\"async\" src=\"blob:https:\/\/szkola1.pl\/dc9c69f8-4afa-4954-9776-239d3ddeac45\" alt=\"\"\/><\/figure>\n\n\n\n<figure class=\"wp-block-image\"><img decoding=\"async\" src=\"blob:https:\/\/szkola1.pl\/9d1b49e6-dc19-4302-8d32-ebba1265cca7\" alt=\"\"\/><\/figure>\n\n\n\n<figure class=\"wp-block-image\"><img decoding=\"async\" src=\"blob:https:\/\/szkola1.pl\/6f426dae-903c-407c-9818-90b81db7ddc1\" alt=\"\"\/><\/figure>\n\n\n\n<figure class=\"wp-block-image\"><img decoding=\"async\" src=\"blob:https:\/\/szkola1.pl\/173ef6dd-69cf-4b1b-b6c5-871787012ab5\" alt=\"\"\/><\/figure>\n\n\n\n<figure class=\"wp-block-image\"><img decoding=\"async\" src=\"blob:https:\/\/szkola1.pl\/6f377b14-168d-42ca-8d55-715082d2ddac\" alt=\"\"\/><\/figure>\n\n\n\n<figure class=\"wp-block-image\"><img decoding=\"async\" src=\"blob:https:\/\/szkola1.pl\/e91fb2ee-f4ac-4c9e-a3ac-4373f3116dab\" alt=\"\"\/><\/figure>\n\n\n\n<figure class=\"wp-block-image\"><img decoding=\"async\" src=\"blob:https:\/\/szkola1.pl\/29e35396-cb2f-4a9f-9b7a-437bff968b54\" alt=\"\"\/><\/figure>\n\n\n\n<figure class=\"wp-block-image\"><img decoding=\"async\" src=\"blob:https:\/\/szkola1.pl\/dcfad355-fd8d-4cb6-91a4-b4d53c73bf08\" alt=\"\"\/><\/figure>\n\n\n\n<figure class=\"wp-block-image\"><img decoding=\"async\" src=\"blob:https:\/\/szkola1.pl\/bb9f8bba-7a27-40a6-8357-793540d3f212\" alt=\"\"\/><\/figure>\n<\/figure>\n","protected":false},"excerpt":{"rendered":"<p>W dniu 15 lutego 2025 r. odby\u0142 si\u0119 II Turniej Szach\u00f3w Aktywnych WO\u015aP w Raci\u0105\u017cku. W turnieju wzi\u0119\u0142o udzia\u0142 20 szachist\u00f3w. Drugie miejsce zaj\u0105\u0142 ucze\u0144 klasy 2 TIG Oliwier&nbsp; Gralak zdobywaj\u0105c 6\/7 punkt\u00f3w. Gratulujemy i zapraszamy na kr\u00f3tk\u0105 fotorelacj\u0119.<\/p>\n","protected":false},"author":1,"featured_media":5247,"comment_status":"closed","ping_status":"closed","sticky":false,"template":"","format":"standard","meta":{"saved_in_kubio":false,"_eb_attr":"","footnotes":""},"categories":[5],"tags":[],"class_list":["post-5243","post","type-post","status-publish","format-standard","has-post-thumbnail","hentry","category-aktualnosci"],"_links":{"self":[{"href":"https:\/\/szkola1.pl\/index.php\/wp-json\/wp\/v2\/posts\/5243","targetHints":{"allow":["GET"]}}],"collection":[{"href":"https:\/\/szkola1.pl\/index.php\/wp-json\/wp\/v2\/posts"}],"about":[{"href":"https:\/\/szkola1.pl\/index.php\/wp-json\/wp\/v2\/types\/post"}],"author":[{"embeddable":true,"href":"https:\/\/szkola1.pl\/index.php\/wp-json\/wp\/v2\/users\/1"}],"replies":[{"embeddable":true,"href":"https:\/\/szkola1.pl\/index.php\/wp-json\/wp\/v2\/comments?post=5243"}],"version-history":[{"count":1,"href":"https:\/\/szkola1.pl\/index.php\/wp-json\/wp\/v2\/posts\/5243\/revisions"}],"predecessor-version":[{"id":5256,"href":"https:\/\/szkola1.pl\/index.php\/wp-json\/wp\/v2\/posts\/5243\/revisions\/5256"}],"wp:featuredmedia":[{"embeddable":true,"href":"https:\/\/szkola1.pl\/index.php\/wp-json\/wp\/v2\/media\/5247"}],"wp:attachment":[{"href":"https:\/\/szkola1.pl\/index.php\/wp-json\/wp\/v2\/media?parent=5243"}],"wp:term":[{"taxonomy":"category","embeddable":true,"href":"https:\/\/szkola1.pl\/index.php\/wp-json\/wp\/v2\/categories?post=5243"},{"taxonomy":"post_tag","embeddable":true,"href":"https:\/\/szkola1.pl\/index.php\/wp-json\/wp\/v2\/tags?post=5243"}],"curies":[{"name":"wp","href":"https:\/\/api.w.org\/{rel}","templated":true}]}}