{"id":4149,"date":"2024-05-06T18:16:13","date_gmt":"2024-05-06T18:16:13","guid":{"rendered":"https:\/\/szkola1.pl\/?p=4149"},"modified":"2024-05-06T18:16:13","modified_gmt":"2024-05-06T18:16:13","slug":"zapisy-na-rejs-po-morzu-baltyckim","status":"publish","type":"post","link":"https:\/\/szkola1.pl\/index.php\/2024\/05\/06\/zapisy-na-rejs-po-morzu-baltyckim\/","title":{"rendered":"Zapisy na rejs po Morzu Ba\u0142tyckim"},"content":{"rendered":"\n<p>Mo\u017cna zapisywa\u0107 si\u0119 na rejs u pani Ewy Ratajczyk. <\/p>\n\n\n\n<figure class=\"wp-block-image size-large\"><img loading=\"lazy\" decoding=\"async\" width=\"742\" height=\"1024\" src=\"https:\/\/szkola1.pl\/wp-content\/uploads\/2024\/05\/1715019189491-742x1024.jpg\" alt=\"\" class=\"wp-image-4150\" srcset=\"https:\/\/szkola1.pl\/wp-content\/uploads\/2024\/05\/1715019189491-742x1024.jpg 742w, https:\/\/szkola1.pl\/wp-content\/uploads\/2024\/05\/1715019189491-217x300.jpg 217w, https:\/\/szkola1.pl\/wp-content\/uploads\/2024\/05\/1715019189491-768x1060.jpg 768w, https:\/\/szkola1.pl\/wp-content\/uploads\/2024\/05\/1715019189491-1113x1536.jpg 1113w, https:\/\/szkola1.pl\/wp-content\/uploads\/2024\/05\/1715019189491.jpg 1220w\" sizes=\"(max-width: 742px) 100vw, 742px\" \/><\/figure>\n\n\n\n<figure class=\"wp-block-image size-large\"><img loading=\"lazy\" decoding=\"async\" width=\"735\" height=\"1024\" src=\"https:\/\/szkola1.pl\/wp-content\/uploads\/2024\/05\/1715019189496-735x1024.jpg\" alt=\"\" class=\"wp-image-4151\" srcset=\"https:\/\/szkola1.pl\/wp-content\/uploads\/2024\/05\/1715019189496-735x1024.jpg 735w, https:\/\/szkola1.pl\/wp-content\/uploads\/2024\/05\/1715019189496-215x300.jpg 215w, https:\/\/szkola1.pl\/wp-content\/uploads\/2024\/05\/1715019189496-768x1070.jpg 768w, https:\/\/szkola1.pl\/wp-content\/uploads\/2024\/05\/1715019189496-1103x1536.jpg 1103w, https:\/\/szkola1.pl\/wp-content\/uploads\/2024\/05\/1715019189496.jpg 1220w\" sizes=\"(max-width: 735px) 100vw, 735px\" \/><\/figure>\n","protected":false},"excerpt":{"rendered":"<p>Mo\u017cna zapisywa\u0107 si\u0119 na rejs u pani Ewy Ratajczyk.<\/p>\n","protected":false},"author":1,"featured_media":4151,"comment_status":"closed","ping_status":"closed","sticky":false,"template":"","format":"standard","meta":{"saved_in_kubio":false,"_eb_attr":"","footnotes":""},"categories":[5],"tags":[],"class_list":["post-4149","post","type-post","status-publish","format-standard","has-post-thumbnail","hentry","category-aktualnosci"],"_links":{"self":[{"href":"https:\/\/szkola1.pl\/index.php\/wp-json\/wp\/v2\/posts\/4149","targetHints":{"allow":["GET"]}}],"collection":[{"href":"https:\/\/szkola1.pl\/index.php\/wp-json\/wp\/v2\/posts"}],"about":[{"href":"https:\/\/szkola1.pl\/index.php\/wp-json\/wp\/v2\/types\/post"}],"author":[{"embeddable":true,"href":"https:\/\/szkola1.pl\/index.php\/wp-json\/wp\/v2\/users\/1"}],"replies":[{"embeddable":true,"href":"https:\/\/szkola1.pl\/index.php\/wp-json\/wp\/v2\/comments?post=4149"}],"version-history":[{"count":1,"href":"https:\/\/szkola1.pl\/index.php\/wp-json\/wp\/v2\/posts\/4149\/revisions"}],"predecessor-version":[{"id":4152,"href":"https:\/\/szkola1.pl\/index.php\/wp-json\/wp\/v2\/posts\/4149\/revisions\/4152"}],"wp:featuredmedia":[{"embeddable":true,"href":"https:\/\/szkola1.pl\/index.php\/wp-json\/wp\/v2\/media\/4151"}],"wp:attachment":[{"href":"https:\/\/szkola1.pl\/index.php\/wp-json\/wp\/v2\/media?parent=4149"}],"wp:term":[{"taxonomy":"category","embeddable":true,"href":"https:\/\/szkola1.pl\/index.php\/wp-json\/wp\/v2\/categories?post=4149"},{"taxonomy":"post_tag","embeddable":true,"href":"https:\/\/szkola1.pl\/index.php\/wp-json\/wp\/v2\/tags?post=4149"}],"curies":[{"name":"wp","href":"https:\/\/api.w.org\/{rel}","templated":true}]}}