{"id":3236,"date":"2023-11-22T18:43:11","date_gmt":"2023-11-22T18:43:11","guid":{"rendered":"https:\/\/szkola1.pl\/?p=3236"},"modified":"2023-11-22T18:45:10","modified_gmt":"2023-11-22T18:45:10","slug":"szlachetna-paczka","status":"publish","type":"post","link":"https:\/\/szkola1.pl\/index.php\/2023\/11\/22\/szlachetna-paczka\/","title":{"rendered":"Szlachetna paczka"},"content":{"rendered":"\n<p>Przy\u0142\u0105cz si\u0119 do tworzenia szlachetnej paczki dla pani Justyny (28 l.), kt\u00f3ra po rozwodzie z<br>m\u0119\u017cem sama wychowuje 3 letni\u0105 c\u00f3rk\u0119 Joann\u0119.<br>Pani Justyna po rozwodzie z m\u0119\u017cem, kt\u00f3ry zn\u0119ca\u0142 si\u0119 nad ni\u0105 psychicznie i fizycznie, mieszka<br>w wynaj\u0119tym mieszkaniu razem ze wsp\u00f3\u0142lokatorem. Dzi\u0119ki temu op\u0142aca po\u0142ow\u0119 nale\u017cno\u015bci<br>za wynajem i tylko dlatego koszty s\u0105 do zaakceptowania. Kobieta nie ma pracy, poniewa\u017c<br>mog\u0142aby pracowa\u0107 jedynie w godzinach pobytu c\u00f3rki w przedszkolu. Przed rozwodem pani<br>Justyna pracowa\u0142a w sklepie, obecnie nie ma jak zapewni\u0107 opieki nad dzieckiem.<br>Zamieszkiwanie w ma\u0142ym miasteczku jest problemem gdy\u017c ci\u0119\u017cko o prac\u0119 w wyznaczonych<br>godzinach. C\u00f3rka bardzo cz\u0119sto choruje i to te\u017c jest k\u0142opotliwe. Kobieta dorabia sprz\u0105taj\u0105c u<br>znajomych, radzi sobie jak mo\u017ce. Pomimo trudnej sytuacji pani Justyna nie narzeka i cieszy<br>si\u0119, \u017ce nie choruj\u0105 razem z c\u00f3rk\u0105 na \u017cadne powa\u017cne choroby. Dochody rodziny wynosz\u0105<br>1252,50 z\u0142, z czego 860 z\u0142 wydaje na co miesi\u0119czne op\u0142aty. Pani Justynie i jej c\u00f3rce pozostaje na utrzymanie jedynie 197 z\u0142 na osob\u0119.<br>Potrzebne s\u0105 przede wszystkim: Koc, sokowir\u00f3wka, blender, \u015brodki czysto\u015bci oraz \u017cywno\u015b\u0107 o d\u0142ugim terminie przydatno\u015bci.<\/p>\n\n\n\n<p>Wa\u017cne aby artyku\u0142y dla dziecka by\u0142y bez laktozy z powodu nietolerancji!!!<br>Herbata, kasza, cukier, konserwy mi\u0119sne, konserwy rybne, kawa, herbata, makaron, olej,<br>ry\u017c, m\u0105ka, d\u017cem, owoce i warzywa w puszkach, kakao, koncentrat pomidorowy, pasztety,<br>p\u0142atki \u015bniadaniowe.<br>Ponadto proszek do prania, p\u0142yn do mycia naczy\u0144, myd\u0142o\/\u017cel myj\u0105cy, p\u0142yny czyszcz\u0105ce,<br>szampon, chusteczki nawil\u017caj\u0105ce &#8211; babydream zielone ,podpaski, pasta i szczoteczki do<br>z\u0119b\u00f3w.<br>Pani Justyna potrzebuje kozaki\/buty zimowe rozmiar: 38, Uwagi: na wysokim obcasie, buty<br>sportowe do biegania i klapki rozmiar: 38,oraz dres zimowy w rozmiarze 164cm. Joanna<br>potrzebuje dres ca\u0142oroczny rozmiar: 98cm, Uwagi: w kolorze czerwonym lub r\u00f3\u017cowym.<br>Sukienk\u0119 w kolorze r\u00f3\u017cowym rozmiar 110 cm, oraz kapcie domowe r\u00f3\u017cowe w rozmiarze 16.<br>Zbieramy tak\u017ce pieni\u0105dze na po\u015bciel, koc, ko\u0142dr\u0119, poduszk\u0119, mop,r\u0119czniki i drobny<br>upominek dla Pani Justyny (zegarek do biegania), dla Joanny (zabawka, lub rowerek dla 3-<br>latki).<br>Serdecznie zach\u0119cam do udzia\u0142u w tworzeniu SZLACHETNEJ PACZKI wszystkich<\/p>\n\n\n\n<p>uczni\u00f3w i pracownik\u00f3w szko\u0142y.<\/p>\n\n\n\n<p>Zbi\u00f3rka produkt\u00f3w w bibliotece szkolnej do 14.12.2023r.<\/p>\n\n\n\n<p>Osoby koordynuj\u0105ce: Ewa Ratajczyk i Adriana Gurdziel<\/p>\n\n\n\n<figure class=\"wp-block-image size-large\"><img loading=\"lazy\" decoding=\"async\" width=\"697\" height=\"1024\" src=\"https:\/\/szkola1.pl\/wp-content\/uploads\/2023\/11\/1111-697x1024.png\" alt=\"\" class=\"wp-image-3237\" srcset=\"https:\/\/szkola1.pl\/wp-content\/uploads\/2023\/11\/1111-697x1024.png 697w, https:\/\/szkola1.pl\/wp-content\/uploads\/2023\/11\/1111-204x300.png 204w, https:\/\/szkola1.pl\/wp-content\/uploads\/2023\/11\/1111-768x1129.png 768w, https:\/\/szkola1.pl\/wp-content\/uploads\/2023\/11\/1111-1045x1536.png 1045w, https:\/\/szkola1.pl\/wp-content\/uploads\/2023\/11\/1111.png 1080w\" sizes=\"(max-width: 697px) 100vw, 697px\" \/><\/figure>\n","protected":false},"excerpt":{"rendered":"<p>Przy\u0142\u0105cz si\u0119 do tworzenia szlachetnej paczki dla pani Justyny (28 l.), kt\u00f3ra po rozwodzie zm\u0119\u017cem sama wychowuje 3 letni\u0105 c\u00f3rk\u0119 Joann\u0119.Pani Justyna po rozwodzie z m\u0119\u017cem, kt\u00f3ry zn\u0119ca\u0142 si\u0119 nad ni\u0105 psychicznie i fizycznie, mieszkaw wynaj\u0119tym mieszkaniu razem ze wsp\u00f3\u0142lokatorem. Dzi\u0119ki temu op\u0142aca po\u0142ow\u0119 nale\u017cno\u015bciza wynajem i tylko dlatego koszty s\u0105 do zaakceptowania. Kobieta nie ma pracy, poniewa\u017cmog\u0142aby pracowa\u0107 jedynie [&hellip;]<\/p>\n","protected":false},"author":1,"featured_media":3237,"comment_status":"closed","ping_status":"closed","sticky":false,"template":"","format":"standard","meta":{"saved_in_kubio":false,"_eb_attr":"","footnotes":""},"categories":[5],"tags":[],"class_list":["post-3236","post","type-post","status-publish","format-standard","has-post-thumbnail","hentry","category-aktualnosci"],"_links":{"self":[{"href":"https:\/\/szkola1.pl\/index.php\/wp-json\/wp\/v2\/posts\/3236","targetHints":{"allow":["GET"]}}],"collection":[{"href":"https:\/\/szkola1.pl\/index.php\/wp-json\/wp\/v2\/posts"}],"about":[{"href":"https:\/\/szkola1.pl\/index.php\/wp-json\/wp\/v2\/types\/post"}],"author":[{"embeddable":true,"href":"https:\/\/szkola1.pl\/index.php\/wp-json\/wp\/v2\/users\/1"}],"replies":[{"embeddable":true,"href":"https:\/\/szkola1.pl\/index.php\/wp-json\/wp\/v2\/comments?post=3236"}],"version-history":[{"count":3,"href":"https:\/\/szkola1.pl\/index.php\/wp-json\/wp\/v2\/posts\/3236\/revisions"}],"predecessor-version":[{"id":3240,"href":"https:\/\/szkola1.pl\/index.php\/wp-json\/wp\/v2\/posts\/3236\/revisions\/3240"}],"wp:featuredmedia":[{"embeddable":true,"href":"https:\/\/szkola1.pl\/index.php\/wp-json\/wp\/v2\/media\/3237"}],"wp:attachment":[{"href":"https:\/\/szkola1.pl\/index.php\/wp-json\/wp\/v2\/media?parent=3236"}],"wp:term":[{"taxonomy":"category","embeddable":true,"href":"https:\/\/szkola1.pl\/index.php\/wp-json\/wp\/v2\/categories?post=3236"},{"taxonomy":"post_tag","embeddable":true,"href":"https:\/\/szkola1.pl\/index.php\/wp-json\/wp\/v2\/tags?post=3236"}],"curies":[{"name":"wp","href":"https:\/\/api.w.org\/{rel}","templated":true}]}}