{"id":3192,"date":"2023-11-09T16:29:12","date_gmt":"2023-11-09T16:29:12","guid":{"rendered":"https:\/\/szkola1.pl\/?p=3192"},"modified":"2023-11-09T16:29:12","modified_gmt":"2023-11-09T16:29:12","slug":"apel-z-okazji-narodowego-swieta-niepodleglosci","status":"publish","type":"post","link":"https:\/\/szkola1.pl\/index.php\/2023\/11\/09\/apel-z-okazji-narodowego-swieta-niepodleglosci\/","title":{"rendered":"Apel z okazji Narodowego \u015awi\u0119ta Niepodleg\u0142o\u015bci"},"content":{"rendered":"\n<p>10.11.2023 r., o godzinie 10:00 w sali gimnastycznej odb\u0119dzie si\u0119 apel z okazji Narodowego \u015awi\u0119ta Niepodleg\u0142o\u015bci. Wszystkich uczni\u00f3w obowi\u0105zuje str\u00f3j galowy.<\/p>\n","protected":false},"excerpt":{"rendered":"<p>10.11.2023 r., o godzinie 10:00 w sali gimnastycznej odb\u0119dzie si\u0119 apel z okazji Narodowego \u015awi\u0119ta Niepodleg\u0142o\u015bci. Wszystkich uczni\u00f3w obowi\u0105zuje str\u00f3j galowy.<\/p>\n","protected":false},"author":1,"featured_media":0,"comment_status":"closed","ping_status":"closed","sticky":false,"template":"","format":"standard","meta":{"saved_in_kubio":false,"_eb_attr":"","footnotes":""},"categories":[5],"tags":[],"class_list":["post-3192","post","type-post","status-publish","format-standard","hentry","category-aktualnosci"],"_links":{"self":[{"href":"https:\/\/szkola1.pl\/index.php\/wp-json\/wp\/v2\/posts\/3192","targetHints":{"allow":["GET"]}}],"collection":[{"href":"https:\/\/szkola1.pl\/index.php\/wp-json\/wp\/v2\/posts"}],"about":[{"href":"https:\/\/szkola1.pl\/index.php\/wp-json\/wp\/v2\/types\/post"}],"author":[{"embeddable":true,"href":"https:\/\/szkola1.pl\/index.php\/wp-json\/wp\/v2\/users\/1"}],"replies":[{"embeddable":true,"href":"https:\/\/szkola1.pl\/index.php\/wp-json\/wp\/v2\/comments?post=3192"}],"version-history":[{"count":1,"href":"https:\/\/szkola1.pl\/index.php\/wp-json\/wp\/v2\/posts\/3192\/revisions"}],"predecessor-version":[{"id":3193,"href":"https:\/\/szkola1.pl\/index.php\/wp-json\/wp\/v2\/posts\/3192\/revisions\/3193"}],"wp:attachment":[{"href":"https:\/\/szkola1.pl\/index.php\/wp-json\/wp\/v2\/media?parent=3192"}],"wp:term":[{"taxonomy":"category","embeddable":true,"href":"https:\/\/szkola1.pl\/index.php\/wp-json\/wp\/v2\/categories?post=3192"},{"taxonomy":"post_tag","embeddable":true,"href":"https:\/\/szkola1.pl\/index.php\/wp-json\/wp\/v2\/tags?post=3192"}],"curies":[{"name":"wp","href":"https:\/\/api.w.org\/{rel}","templated":true}]}}