{"id":318,"date":"2022-10-28T11:00:00","date_gmt":"2022-10-28T11:00:00","guid":{"rendered":"https:\/\/szkola-nr-1.pl\/?p=318"},"modified":"2022-11-02T11:04:34","modified_gmt":"2022-11-02T11:04:34","slug":"warsztaty-wokalno-taneczne-we-wloclawku","status":"publish","type":"post","link":"https:\/\/szkola1.pl\/index.php\/2022\/10\/28\/warsztaty-wokalno-taneczne-we-wloclawku\/","title":{"rendered":"Warsztaty wokalno-taneczne we W\u0142oc\u0142awku"},"content":{"rendered":"\n<p>W zesz\u0142y pi\u0105tek, uczniowie ta\u0144cz\u0105cy w szkolnym Zespole Folklorystycznym, mieli przyjemno\u015b\u0107 uczestniczy\u0107 w warsztatach wokalno &#8211; tanecznych we W\u0142oc\u0142awku. Zaj\u0119cia odby\u0142y si\u0119 w Centrum Kultury Browar B siedzibie ZPiT Kujawy. Bardzo dzi\u0119kujemy panu Piotr Stocki i Maciej Mielczarski za zaanga\u017cowanie, energi\u0119 i rozbudze zainteresowania polskim folklorem.<\/p>\n\n\n\n<p>Joanna Kobus.<\/p>\n\n\n<div id=\"envira-gallery-wrap-328\" class=\"envira-gallery-wrap envira-gallery-theme-base envira-lightbox-theme-base\" itemscope itemtype=\"https:\/\/schema.org\/ImageGallery\"><div data-row-height=\"150\" data-gallery-theme=\"normal\" id=\"envira-gallery-328\" class=\"envira-gallery-public envira-gallery-justified-public envira-gallery-0-columns envira-clear enviratope envira-gallery-css-animations\" data-envira-columns=\"0\"><div id=\"envira-gallery-item-329\" class=\"envira-gallery-item enviratope-item envira-gallery-item-1 envira-lazy-load\" style=\"padding-left: 5px; padding-bottom: 10px; padding-right: 5px;\"  itemscope itemtype=\"https:\/\/schema.org\/ImageObject\"><div class=\"envira-gallery-item-inner\"><div class=\"envira-gallery-position-overlay  envira-gallery-top-left\"><\/div><div class=\"envira-gallery-position-overlay  envira-gallery-top-right\"><\/div><div class=\"envira-gallery-position-overlay  envira-gallery-bottom-left\"><\/div><div class=\"envira-gallery-position-overlay  envira-gallery-bottom-right\"><\/div><a href=\"https:\/\/szkola-nr-1.pl\/wp-content\/uploads\/2022\/11\/20221028_114531-1.jpg\" class=\"envira-gallery-328 envira-gallery-link\" rel=\"enviragallery328\" title=\"Warsztaty wokalno-taneczne we W\u0142oc\u0142awku\" data-envira-caption=\"Warsztaty wokalno-taneczne we W\u0142oc\u0142awku\" data-envira-retina=\"\" data-thumbnail=\"\"  itemprop=\"contentUrl\"><img decoding=\"async\" id=\"envira-gallery-image-329\" class=\"envira-gallery-image envira-gallery-image-1 envira-normal envira-lazy\" data-envira-index=\"1\" src=\"https:\/\/szkola1.pl\/wp-content\/uploads\/2022\/11\/20221028_114531-1-1024x768-640x480.jpg\" data-envira-src=\"https:\/\/szkola1.pl\/wp-content\/uploads\/2022\/11\/20221028_114531-1-1024x768-640x480.jpg\" data-envira-gallery-id=\"328\" data-envira-item-id=\"329\" data-envira-caption=\"Warsztaty wokalno-taneczne we W\u0142oc\u0142awku\" alt=\"\" title=\"Warsztaty wokalno-taneczne we W\u0142oc\u0142awku\"  itemprop=\"thumbnailUrl\" data-envira-srcset=\"https:\/\/szkola1.pl\/wp-content\/uploads\/2022\/11\/20221028_114531-1-1024x768-640x480.jpg 400w,https:\/\/szkola1.pl\/wp-content\/uploads\/2022\/11\/20221028_114531-1-1024x768-640x480.jpg 2x\" data-envira-width=\"300\" data-envira-height=\"225\" srcset=\"data:image\/gif;base64,R0lGODlhAQABAIAAAP\/\/\/\/\/\/\/yH5BAEKAAEALAAAAAABAAEAAAICTAEAOw==\" data-safe-src=\"data:image\/gif;base64,R0lGODlhAQABAIAAAP\/\/\/\/\/\/\/yH5BAEKAAEALAAAAAABAAEAAAICTAEAOw==\" \/><\/a><\/div><\/div><div id=\"envira-gallery-item-330\" class=\"envira-gallery-item enviratope-item envira-gallery-item-2 envira-lazy-load\" style=\"padding-left: 5px; padding-bottom: 10px; padding-right: 5px;\"  itemscope itemtype=\"https:\/\/schema.org\/ImageObject\"><div class=\"envira-gallery-item-inner\"><div class=\"envira-gallery-position-overlay  envira-gallery-top-left\"><\/div><div class=\"envira-gallery-position-overlay  envira-gallery-top-right\"><\/div><div class=\"envira-gallery-position-overlay  envira-gallery-bottom-left\"><\/div><div class=\"envira-gallery-position-overlay  envira-gallery-bottom-right\"><\/div><a href=\"https:\/\/szkola-nr-1.pl\/wp-content\/uploads\/2022\/11\/IMG-20221028-WA0005-1.jpg\" class=\"envira-gallery-328 envira-gallery-link\" rel=\"enviragallery328\" title=\"Warsztaty wokalno-taneczne we W\u0142oc\u0142awku\" data-envira-caption=\"Warsztaty wokalno-taneczne we W\u0142oc\u0142awku\" data-envira-retina=\"\" data-thumbnail=\"\"  itemprop=\"contentUrl\"><img decoding=\"async\" id=\"envira-gallery-image-330\" class=\"envira-gallery-image envira-gallery-image-2 envira-normal envira-lazy\" data-envira-index=\"2\" src=\"https:\/\/szkola1.pl\/wp-content\/uploads\/2022\/11\/IMG-20221028-WA0005-1-1024x768-640x480.jpg\" data-envira-src=\"https:\/\/szkola1.pl\/wp-content\/uploads\/2022\/11\/IMG-20221028-WA0005-1-1024x768-640x480.jpg\" data-envira-gallery-id=\"328\" data-envira-item-id=\"330\" data-envira-caption=\"Warsztaty wokalno-taneczne we W\u0142oc\u0142awku\" alt=\"\" title=\"Warsztaty wokalno-taneczne we W\u0142oc\u0142awku\"  itemprop=\"thumbnailUrl\" data-envira-srcset=\"https:\/\/szkola1.pl\/wp-content\/uploads\/2022\/11\/IMG-20221028-WA0005-1-1024x768-640x480.jpg 400w,https:\/\/szkola1.pl\/wp-content\/uploads\/2022\/11\/IMG-20221028-WA0005-1-1024x768-640x480.jpg 2x\" data-envira-width=\"300\" data-envira-height=\"225\" srcset=\"data:image\/gif;base64,R0lGODlhAQABAIAAAP\/\/\/\/\/\/\/yH5BAEKAAEALAAAAAABAAEAAAICTAEAOw==\" data-safe-src=\"data:image\/gif;base64,R0lGODlhAQABAIAAAP\/\/\/\/\/\/\/yH5BAEKAAEALAAAAAABAAEAAAICTAEAOw==\" \/><\/a><\/div><\/div><div id=\"envira-gallery-item-331\" class=\"envira-gallery-item enviratope-item envira-gallery-item-3 envira-lazy-load\" style=\"padding-left: 5px; padding-bottom: 10px; padding-right: 5px;\"  itemscope itemtype=\"https:\/\/schema.org\/ImageObject\"><div class=\"envira-gallery-item-inner\"><div class=\"envira-gallery-position-overlay  envira-gallery-top-left\"><\/div><div class=\"envira-gallery-position-overlay  envira-gallery-top-right\"><\/div><div class=\"envira-gallery-position-overlay  envira-gallery-bottom-left\"><\/div><div class=\"envira-gallery-position-overlay  envira-gallery-bottom-right\"><\/div><a href=\"https:\/\/szkola-nr-1.pl\/wp-content\/uploads\/2022\/11\/IMG-20221028-WA0007-1.jpg\" class=\"envira-gallery-328 envira-gallery-link\" rel=\"enviragallery328\" title=\"Warsztaty wokalno-taneczne we W\u0142oc\u0142awku\" data-envira-caption=\"Warsztaty wokalno-taneczne we W\u0142oc\u0142awku\" data-envira-retina=\"\" data-thumbnail=\"\"  itemprop=\"contentUrl\"><img decoding=\"async\" id=\"envira-gallery-image-331\" class=\"envira-gallery-image envira-gallery-image-3 envira-normal envira-lazy\" data-envira-index=\"3\" src=\"https:\/\/szkola1.pl\/wp-content\/uploads\/2022\/11\/IMG-20221028-WA0007-1-1024x768-640x480.jpg\" data-envira-src=\"https:\/\/szkola1.pl\/wp-content\/uploads\/2022\/11\/IMG-20221028-WA0007-1-1024x768-640x480.jpg\" data-envira-gallery-id=\"328\" data-envira-item-id=\"331\" data-envira-caption=\"Warsztaty wokalno-taneczne we W\u0142oc\u0142awku\" alt=\"\" title=\"Warsztaty wokalno-taneczne we W\u0142oc\u0142awku\"  itemprop=\"thumbnailUrl\" data-envira-srcset=\"https:\/\/szkola1.pl\/wp-content\/uploads\/2022\/11\/IMG-20221028-WA0007-1-1024x768-640x480.jpg 400w,https:\/\/szkola1.pl\/wp-content\/uploads\/2022\/11\/IMG-20221028-WA0007-1-1024x768-640x480.jpg 2x\" data-envira-width=\"300\" data-envira-height=\"225\" srcset=\"data:image\/gif;base64,R0lGODlhAQABAIAAAP\/\/\/\/\/\/\/yH5BAEKAAEALAAAAAABAAEAAAICTAEAOw==\" data-safe-src=\"data:image\/gif;base64,R0lGODlhAQABAIAAAP\/\/\/\/\/\/\/yH5BAEKAAEALAAAAAABAAEAAAICTAEAOw==\" \/><\/a><\/div><\/div><div id=\"envira-gallery-item-332\" class=\"envira-gallery-item enviratope-item envira-gallery-item-4 envira-lazy-load\" style=\"padding-left: 5px; padding-bottom: 10px; padding-right: 5px;\"  itemscope itemtype=\"https:\/\/schema.org\/ImageObject\"><div class=\"envira-gallery-item-inner\"><div class=\"envira-gallery-position-overlay  envira-gallery-top-left\"><\/div><div class=\"envira-gallery-position-overlay  envira-gallery-top-right\"><\/div><div class=\"envira-gallery-position-overlay  envira-gallery-bottom-left\"><\/div><div class=\"envira-gallery-position-overlay  envira-gallery-bottom-right\"><\/div><a href=\"https:\/\/szkola-nr-1.pl\/wp-content\/uploads\/2022\/11\/IMG-20221028-WA0008-1.jpg\" class=\"envira-gallery-328 envira-gallery-link\" rel=\"enviragallery328\" title=\"Warsztaty wokalno-taneczne we W\u0142oc\u0142awku\" data-envira-caption=\"Warsztaty wokalno-taneczne we W\u0142oc\u0142awku\" data-envira-retina=\"\" data-thumbnail=\"\"  itemprop=\"contentUrl\"><img decoding=\"async\" id=\"envira-gallery-image-332\" class=\"envira-gallery-image envira-gallery-image-4 envira-normal envira-lazy\" data-envira-index=\"4\" src=\"https:\/\/szkola1.pl\/wp-content\/uploads\/2022\/11\/IMG-20221028-WA0008-1-1024x768-640x480.jpg\" data-envira-src=\"https:\/\/szkola1.pl\/wp-content\/uploads\/2022\/11\/IMG-20221028-WA0008-1-1024x768-640x480.jpg\" data-envira-gallery-id=\"328\" data-envira-item-id=\"332\" data-envira-caption=\"Warsztaty wokalno-taneczne we W\u0142oc\u0142awku\" alt=\"\" title=\"Warsztaty wokalno-taneczne we W\u0142oc\u0142awku\"  itemprop=\"thumbnailUrl\" data-envira-srcset=\"https:\/\/szkola1.pl\/wp-content\/uploads\/2022\/11\/IMG-20221028-WA0008-1-1024x768-640x480.jpg 400w,https:\/\/szkola1.pl\/wp-content\/uploads\/2022\/11\/IMG-20221028-WA0008-1-1024x768-640x480.jpg 2x\" data-envira-width=\"300\" data-envira-height=\"225\" srcset=\"data:image\/gif;base64,R0lGODlhAQABAIAAAP\/\/\/\/\/\/\/yH5BAEKAAEALAAAAAABAAEAAAICTAEAOw==\" data-safe-src=\"data:image\/gif;base64,R0lGODlhAQABAIAAAP\/\/\/\/\/\/\/yH5BAEKAAEALAAAAAABAAEAAAICTAEAOw==\" \/><\/a><\/div><\/div><div id=\"envira-gallery-item-333\" class=\"envira-gallery-item enviratope-item envira-gallery-item-5 envira-lazy-load\" style=\"padding-left: 5px; padding-bottom: 10px; padding-right: 5px;\"  itemscope itemtype=\"https:\/\/schema.org\/ImageObject\"><div class=\"envira-gallery-item-inner\"><div class=\"envira-gallery-position-overlay  envira-gallery-top-left\"><\/div><div class=\"envira-gallery-position-overlay  envira-gallery-top-right\"><\/div><div class=\"envira-gallery-position-overlay  envira-gallery-bottom-left\"><\/div><div class=\"envira-gallery-position-overlay  envira-gallery-bottom-right\"><\/div><a href=\"https:\/\/szkola-nr-1.pl\/wp-content\/uploads\/2022\/11\/IMG-20221028-WA0010-1.jpg\" class=\"envira-gallery-328 envira-gallery-link\" rel=\"enviragallery328\" title=\"Warsztaty wokalno-taneczne we W\u0142oc\u0142awku\" data-envira-caption=\"Warsztaty wokalno-taneczne we W\u0142oc\u0142awku\" data-envira-retina=\"\" data-thumbnail=\"\"  itemprop=\"contentUrl\"><img decoding=\"async\" id=\"envira-gallery-image-333\" class=\"envira-gallery-image envira-gallery-image-5 envira-normal envira-lazy\" data-envira-index=\"5\" src=\"https:\/\/szkola1.pl\/wp-content\/uploads\/2022\/11\/IMG-20221028-WA0010-1-1024x768-640x480.jpg\" data-envira-src=\"https:\/\/szkola1.pl\/wp-content\/uploads\/2022\/11\/IMG-20221028-WA0010-1-1024x768-640x480.jpg\" data-envira-gallery-id=\"328\" data-envira-item-id=\"333\" data-envira-caption=\"Warsztaty wokalno-taneczne we W\u0142oc\u0142awku\" alt=\"\" title=\"Warsztaty wokalno-taneczne we W\u0142oc\u0142awku\"  itemprop=\"thumbnailUrl\" data-envira-srcset=\"https:\/\/szkola1.pl\/wp-content\/uploads\/2022\/11\/IMG-20221028-WA0010-1-1024x768-640x480.jpg 400w,https:\/\/szkola1.pl\/wp-content\/uploads\/2022\/11\/IMG-20221028-WA0010-1-1024x768-640x480.jpg 2x\" data-envira-width=\"300\" data-envira-height=\"225\" srcset=\"data:image\/gif;base64,R0lGODlhAQABAIAAAP\/\/\/\/\/\/\/yH5BAEKAAEALAAAAAABAAEAAAICTAEAOw==\" data-safe-src=\"data:image\/gif;base64,R0lGODlhAQABAIAAAP\/\/\/\/\/\/\/yH5BAEKAAEALAAAAAABAAEAAAICTAEAOw==\" \/><\/a><\/div><\/div><div id=\"envira-gallery-item-334\" class=\"envira-gallery-item enviratope-item envira-gallery-item-6 envira-lazy-load\" style=\"padding-left: 5px; padding-bottom: 10px; padding-right: 5px;\"  itemscope itemtype=\"https:\/\/schema.org\/ImageObject\"><div class=\"envira-gallery-item-inner\"><div class=\"envira-gallery-position-overlay  envira-gallery-top-left\"><\/div><div class=\"envira-gallery-position-overlay  envira-gallery-top-right\"><\/div><div class=\"envira-gallery-position-overlay  envira-gallery-bottom-left\"><\/div><div class=\"envira-gallery-position-overlay  envira-gallery-bottom-right\"><\/div><a href=\"https:\/\/szkola-nr-1.pl\/wp-content\/uploads\/2022\/11\/IMG-20221028-WA0011-1.jpg\" class=\"envira-gallery-328 envira-gallery-link\" rel=\"enviragallery328\" title=\"Warsztaty wokalno-taneczne we W\u0142oc\u0142awku\" data-envira-caption=\"Warsztaty wokalno-taneczne we W\u0142oc\u0142awku\" data-envira-retina=\"\" data-thumbnail=\"\"  itemprop=\"contentUrl\"><img decoding=\"async\" id=\"envira-gallery-image-334\" class=\"envira-gallery-image envira-gallery-image-6 envira-normal envira-lazy\" data-envira-index=\"6\" src=\"https:\/\/szkola1.pl\/wp-content\/uploads\/2022\/11\/IMG-20221028-WA0011-1-1024x768-640x480.jpg\" data-envira-src=\"https:\/\/szkola1.pl\/wp-content\/uploads\/2022\/11\/IMG-20221028-WA0011-1-1024x768-640x480.jpg\" data-envira-gallery-id=\"328\" data-envira-item-id=\"334\" data-envira-caption=\"Warsztaty wokalno-taneczne we W\u0142oc\u0142awku\" alt=\"\" title=\"Warsztaty wokalno-taneczne we W\u0142oc\u0142awku\"  itemprop=\"thumbnailUrl\" data-envira-srcset=\"https:\/\/szkola1.pl\/wp-content\/uploads\/2022\/11\/IMG-20221028-WA0011-1-1024x768-640x480.jpg 400w,https:\/\/szkola1.pl\/wp-content\/uploads\/2022\/11\/IMG-20221028-WA0011-1-1024x768-640x480.jpg 2x\" data-envira-width=\"300\" data-envira-height=\"225\" srcset=\"data:image\/gif;base64,R0lGODlhAQABAIAAAP\/\/\/\/\/\/\/yH5BAEKAAEALAAAAAABAAEAAAICTAEAOw==\" data-safe-src=\"data:image\/gif;base64,R0lGODlhAQABAIAAAP\/\/\/\/\/\/\/yH5BAEKAAEALAAAAAABAAEAAAICTAEAOw==\" \/><\/a><\/div><\/div><div id=\"envira-gallery-item-335\" class=\"envira-gallery-item enviratope-item envira-gallery-item-7 envira-lazy-load\" style=\"padding-left: 5px; padding-bottom: 10px; padding-right: 5px;\"  itemscope itemtype=\"https:\/\/schema.org\/ImageObject\"><div class=\"envira-gallery-item-inner\"><div class=\"envira-gallery-position-overlay  envira-gallery-top-left\"><\/div><div class=\"envira-gallery-position-overlay  envira-gallery-top-right\"><\/div><div class=\"envira-gallery-position-overlay  envira-gallery-bottom-left\"><\/div><div class=\"envira-gallery-position-overlay  envira-gallery-bottom-right\"><\/div><a href=\"https:\/\/szkola-nr-1.pl\/wp-content\/uploads\/2022\/11\/received_900069330958095-1.jpg\" class=\"envira-gallery-328 envira-gallery-link\" rel=\"enviragallery328\" title=\"Warsztaty wokalno-taneczne we W\u0142oc\u0142awku\" data-envira-caption=\"Warsztaty wokalno-taneczne we W\u0142oc\u0142awku\" data-envira-retina=\"\" data-thumbnail=\"\"  itemprop=\"contentUrl\"><img decoding=\"async\" id=\"envira-gallery-image-335\" class=\"envira-gallery-image envira-gallery-image-7 envira-normal envira-lazy\" data-envira-index=\"7\" src=\"https:\/\/szkola1.pl\/wp-content\/uploads\/2022\/11\/received_900069330958095-1-1024x768-640x480.jpg\" data-envira-src=\"https:\/\/szkola1.pl\/wp-content\/uploads\/2022\/11\/received_900069330958095-1-1024x768-640x480.jpg\" data-envira-gallery-id=\"328\" data-envira-item-id=\"335\" data-envira-caption=\"Warsztaty wokalno-taneczne we W\u0142oc\u0142awku\" alt=\"\" title=\"Warsztaty wokalno-taneczne we W\u0142oc\u0142awku\"  itemprop=\"thumbnailUrl\" data-envira-srcset=\"https:\/\/szkola1.pl\/wp-content\/uploads\/2022\/11\/received_900069330958095-1-1024x768-640x480.jpg 400w,https:\/\/szkola1.pl\/wp-content\/uploads\/2022\/11\/received_900069330958095-1-1024x768-640x480.jpg 2x\" data-envira-width=\"300\" data-envira-height=\"225\" srcset=\"data:image\/gif;base64,R0lGODlhAQABAIAAAP\/\/\/\/\/\/\/yH5BAEKAAEALAAAAAABAAEAAAICTAEAOw==\" data-safe-src=\"data:image\/gif;base64,R0lGODlhAQABAIAAAP\/\/\/\/\/\/\/yH5BAEKAAEALAAAAAABAAEAAAICTAEAOw==\" \/><\/a><\/div><\/div><div id=\"envira-gallery-item-336\" class=\"envira-gallery-item enviratope-item envira-gallery-item-8 envira-lazy-load\" style=\"padding-left: 5px; padding-bottom: 10px; padding-right: 5px;\"  itemscope itemtype=\"https:\/\/schema.org\/ImageObject\"><div class=\"envira-gallery-item-inner\"><div class=\"envira-gallery-position-overlay  envira-gallery-top-left\"><\/div><div class=\"envira-gallery-position-overlay  envira-gallery-top-right\"><\/div><div class=\"envira-gallery-position-overlay  envira-gallery-bottom-left\"><\/div><div class=\"envira-gallery-position-overlay  envira-gallery-bottom-right\"><\/div><a href=\"https:\/\/szkola-nr-1.pl\/wp-content\/uploads\/2022\/11\/received_3415897985363083-1.jpg\" class=\"envira-gallery-328 envira-gallery-link\" rel=\"enviragallery328\" title=\"Warsztaty wokalno-taneczne we W\u0142oc\u0142awku\" data-envira-caption=\"Warsztaty wokalno-taneczne we W\u0142oc\u0142awku\" data-envira-retina=\"\" data-thumbnail=\"\"  itemprop=\"contentUrl\"><img decoding=\"async\" id=\"envira-gallery-image-336\" class=\"envira-gallery-image envira-gallery-image-8 envira-normal envira-lazy\" data-envira-index=\"8\" src=\"https:\/\/szkola1.pl\/wp-content\/uploads\/2022\/11\/received_3415897985363083-1-1024x768-640x480.jpg\" data-envira-src=\"https:\/\/szkola1.pl\/wp-content\/uploads\/2022\/11\/received_3415897985363083-1-1024x768-640x480.jpg\" data-envira-gallery-id=\"328\" data-envira-item-id=\"336\" data-envira-caption=\"Warsztaty wokalno-taneczne we W\u0142oc\u0142awku\" alt=\"\" title=\"Warsztaty wokalno-taneczne we W\u0142oc\u0142awku\"  itemprop=\"thumbnailUrl\" data-envira-srcset=\"https:\/\/szkola1.pl\/wp-content\/uploads\/2022\/11\/received_3415897985363083-1-1024x768-640x480.jpg 400w,https:\/\/szkola1.pl\/wp-content\/uploads\/2022\/11\/received_3415897985363083-1-1024x768-640x480.jpg 2x\" data-envira-width=\"300\" data-envira-height=\"225\" srcset=\"data:image\/gif;base64,R0lGODlhAQABAIAAAP\/\/\/\/\/\/\/yH5BAEKAAEALAAAAAABAAEAAAICTAEAOw==\" data-safe-src=\"data:image\/gif;base64,R0lGODlhAQABAIAAAP\/\/\/\/\/\/\/yH5BAEKAAEALAAAAAABAAEAAAICTAEAOw==\" \/><\/a><\/div><\/div><\/div><\/div><noscript><img decoding=\"async\" src=\"https:\/\/szkola1.pl\/wp-content\/uploads\/2022\/11\/20221028_114531-1.jpg\" alt=\"\" \/><img decoding=\"async\" src=\"https:\/\/szkola1.pl\/wp-content\/uploads\/2022\/11\/IMG-20221028-WA0005-1.jpg\" alt=\"\" \/><img decoding=\"async\" src=\"https:\/\/szkola1.pl\/wp-content\/uploads\/2022\/11\/IMG-20221028-WA0007-1.jpg\" alt=\"\" \/><img decoding=\"async\" src=\"https:\/\/szkola1.pl\/wp-content\/uploads\/2022\/11\/IMG-20221028-WA0008-1.jpg\" alt=\"\" \/><img decoding=\"async\" src=\"https:\/\/szkola1.pl\/wp-content\/uploads\/2022\/11\/IMG-20221028-WA0010-1.jpg\" alt=\"\" \/><img decoding=\"async\" src=\"https:\/\/szkola1.pl\/wp-content\/uploads\/2022\/11\/IMG-20221028-WA0011-1.jpg\" alt=\"\" \/><img decoding=\"async\" src=\"https:\/\/szkola1.pl\/wp-content\/uploads\/2022\/11\/received_900069330958095-1.jpg\" alt=\"\" \/><img decoding=\"async\" src=\"https:\/\/szkola1.pl\/wp-content\/uploads\/2022\/11\/received_3415897985363083-1.jpg\" alt=\"\" \/><\/noscript>\n","protected":false},"excerpt":{"rendered":"<p>W zesz\u0142y pi\u0105tek, uczniowie ta\u0144cz\u0105cy w szkolnym Zespole Folklorystycznym, mieli przyjemno\u015b\u0107 uczestniczy\u0107 w warsztatach wokalno &#8211; tanecznych we W\u0142oc\u0142awku. Zaj\u0119cia odby\u0142y si\u0119 w Centrum Kultury Browar B siedzibie ZPiT Kujawy. Bardzo dzi\u0119kujemy panu Piotr Stocki i Maciej Mielczarski za zaanga\u017cowanie, energi\u0119 i rozbudze zainteresowania polskim folklorem. Joanna Kobus.<\/p>\n","protected":false},"author":1,"featured_media":326,"comment_status":"open","ping_status":"open","sticky":false,"template":"","format":"standard","meta":{"saved_in_kubio":false,"_eb_attr":"","footnotes":""},"categories":[5],"tags":[],"class_list":["post-318","post","type-post","status-publish","format-standard","has-post-thumbnail","hentry","category-aktualnosci"],"_links":{"self":[{"href":"https:\/\/szkola1.pl\/index.php\/wp-json\/wp\/v2\/posts\/318","targetHints":{"allow":["GET"]}}],"collection":[{"href":"https:\/\/szkola1.pl\/index.php\/wp-json\/wp\/v2\/posts"}],"about":[{"href":"https:\/\/szkola1.pl\/index.php\/wp-json\/wp\/v2\/types\/post"}],"author":[{"embeddable":true,"href":"https:\/\/szkola1.pl\/index.php\/wp-json\/wp\/v2\/users\/1"}],"replies":[{"embeddable":true,"href":"https:\/\/szkola1.pl\/index.php\/wp-json\/wp\/v2\/comments?post=318"}],"version-history":[{"count":2,"href":"https:\/\/szkola1.pl\/index.php\/wp-json\/wp\/v2\/posts\/318\/revisions"}],"predecessor-version":[{"id":337,"href":"https:\/\/szkola1.pl\/index.php\/wp-json\/wp\/v2\/posts\/318\/revisions\/337"}],"wp:featuredmedia":[{"embeddable":true,"href":"https:\/\/szkola1.pl\/index.php\/wp-json\/wp\/v2\/media\/326"}],"wp:attachment":[{"href":"https:\/\/szkola1.pl\/index.php\/wp-json\/wp\/v2\/media?parent=318"}],"wp:term":[{"taxonomy":"category","embeddable":true,"href":"https:\/\/szkola1.pl\/index.php\/wp-json\/wp\/v2\/categories?post=318"},{"taxonomy":"post_tag","embeddable":true,"href":"https:\/\/szkola1.pl\/index.php\/wp-json\/wp\/v2\/tags?post=318"}],"curies":[{"name":"wp","href":"https:\/\/api.w.org\/{rel}","templated":true}]}}