{"id":2805,"date":"2023-09-15T13:22:39","date_gmt":"2023-09-15T13:22:39","guid":{"rendered":"https:\/\/szkola1.pl\/?p=2805"},"modified":"2023-09-15T13:22:39","modified_gmt":"2023-09-15T13:22:39","slug":"oglaszamy-nabor-na-kandydatow-do-samorzadu-szkolnego","status":"publish","type":"post","link":"https:\/\/szkola1.pl\/index.php\/2023\/09\/15\/oglaszamy-nabor-na-kandydatow-do-samorzadu-szkolnego\/","title":{"rendered":"Og\u0142aszamy nab\u00f3r na kandydat\u00f3w do Samorz\u0105du Szkolnego!"},"content":{"rendered":"\n<figure class=\"wp-block-gallery has-nested-images columns-default is-cropped wp-block-gallery-1 is-layout-flex wp-block-gallery-is-layout-flex\">\n<figure class=\"wp-block-image size-large\"><img loading=\"lazy\" decoding=\"async\" width=\"768\" height=\"1024\" data-id=\"2806\" src=\"https:\/\/szkola1.pl\/wp-content\/uploads\/2023\/09\/Wybory-fb-insta-768x1024.png\" alt=\"\" class=\"wp-image-2806\" srcset=\"https:\/\/szkola1.pl\/wp-content\/uploads\/2023\/09\/Wybory-fb-insta-768x1024.png 768w, https:\/\/szkola1.pl\/wp-content\/uploads\/2023\/09\/Wybory-fb-insta-225x300.png 225w, https:\/\/szkola1.pl\/wp-content\/uploads\/2023\/09\/Wybory-fb-insta-1152x1536.png 1152w, https:\/\/szkola1.pl\/wp-content\/uploads\/2023\/09\/Wybory-fb-insta-1536x2048.png 1536w\" sizes=\"(max-width: 768px) 100vw, 768px\" \/><\/figure>\n<\/figure>\n","protected":false},"excerpt":{"rendered":"","protected":false},"author":1,"featured_media":2806,"comment_status":"closed","ping_status":"closed","sticky":false,"template":"","format":"standard","meta":{"saved_in_kubio":false,"_eb_attr":"","footnotes":""},"categories":[5],"tags":[],"class_list":["post-2805","post","type-post","status-publish","format-standard","has-post-thumbnail","hentry","category-aktualnosci"],"_links":{"self":[{"href":"https:\/\/szkola1.pl\/index.php\/wp-json\/wp\/v2\/posts\/2805","targetHints":{"allow":["GET"]}}],"collection":[{"href":"https:\/\/szkola1.pl\/index.php\/wp-json\/wp\/v2\/posts"}],"about":[{"href":"https:\/\/szkola1.pl\/index.php\/wp-json\/wp\/v2\/types\/post"}],"author":[{"embeddable":true,"href":"https:\/\/szkola1.pl\/index.php\/wp-json\/wp\/v2\/users\/1"}],"replies":[{"embeddable":true,"href":"https:\/\/szkola1.pl\/index.php\/wp-json\/wp\/v2\/comments?post=2805"}],"version-history":[{"count":1,"href":"https:\/\/szkola1.pl\/index.php\/wp-json\/wp\/v2\/posts\/2805\/revisions"}],"predecessor-version":[{"id":2807,"href":"https:\/\/szkola1.pl\/index.php\/wp-json\/wp\/v2\/posts\/2805\/revisions\/2807"}],"wp:featuredmedia":[{"embeddable":true,"href":"https:\/\/szkola1.pl\/index.php\/wp-json\/wp\/v2\/media\/2806"}],"wp:attachment":[{"href":"https:\/\/szkola1.pl\/index.php\/wp-json\/wp\/v2\/media?parent=2805"}],"wp:term":[{"taxonomy":"category","embeddable":true,"href":"https:\/\/szkola1.pl\/index.php\/wp-json\/wp\/v2\/categories?post=2805"},{"taxonomy":"post_tag","embeddable":true,"href":"https:\/\/szkola1.pl\/index.php\/wp-json\/wp\/v2\/tags?post=2805"}],"curies":[{"name":"wp","href":"https:\/\/api.w.org\/{rel}","templated":true}]}}