{"id":2758,"date":"2023-09-03T07:21:06","date_gmt":"2023-09-03T07:21:06","guid":{"rendered":"https:\/\/szkola1.pl\/?p=2758"},"modified":"2023-09-03T07:21:06","modified_gmt":"2023-09-03T07:21:06","slug":"84-rocznica-wybuchu-ii-wojny-swiatowej","status":"publish","type":"post","link":"https:\/\/szkola1.pl\/index.php\/2023\/09\/03\/84-rocznica-wybuchu-ii-wojny-swiatowej\/","title":{"rendered":"84. rocznica wybuchu II wojny \u015bwiatowej"},"content":{"rendered":"\n<p>01.09.2023 r. delegacja naszej szko\u0142y uczestniczy\u0142a w uroczysto\u015bciach 84. rocznicy wybuchu II wojny \u015bwiatowej.<\/p>\n\n\n\n<figure class=\"wp-block-gallery has-nested-images columns-default is-cropped wp-block-gallery-1 is-layout-flex wp-block-gallery-is-layout-flex\">\n<figure class=\"wp-block-image size-large\"><img loading=\"lazy\" decoding=\"async\" width=\"1024\" height=\"771\" data-id=\"2759\" src=\"https:\/\/szkola1.pl\/wp-content\/uploads\/2023\/09\/IMG_20230901_122332-1024x771.jpg\" alt=\"\" class=\"wp-image-2759\" srcset=\"https:\/\/szkola1.pl\/wp-content\/uploads\/2023\/09\/IMG_20230901_122332-1024x771.jpg 1024w, https:\/\/szkola1.pl\/wp-content\/uploads\/2023\/09\/IMG_20230901_122332-300x226.jpg 300w, https:\/\/szkola1.pl\/wp-content\/uploads\/2023\/09\/IMG_20230901_122332-768x578.jpg 768w, https:\/\/szkola1.pl\/wp-content\/uploads\/2023\/09\/IMG_20230901_122332-1536x1157.jpg 1536w, https:\/\/szkola1.pl\/wp-content\/uploads\/2023\/09\/IMG_20230901_122332-2048x1542.jpg 2048w\" sizes=\"(max-width: 1024px) 100vw, 1024px\" \/><\/figure>\n\n\n\n<figure class=\"wp-block-image size-large\"><img loading=\"lazy\" decoding=\"async\" width=\"1024\" height=\"771\" data-id=\"2760\" src=\"https:\/\/szkola1.pl\/wp-content\/uploads\/2023\/09\/IMG_20230901_1226192-1024x771.jpg\" alt=\"\" class=\"wp-image-2760\" srcset=\"https:\/\/szkola1.pl\/wp-content\/uploads\/2023\/09\/IMG_20230901_1226192-1024x771.jpg 1024w, https:\/\/szkola1.pl\/wp-content\/uploads\/2023\/09\/IMG_20230901_1226192-300x226.jpg 300w, https:\/\/szkola1.pl\/wp-content\/uploads\/2023\/09\/IMG_20230901_1226192-768x578.jpg 768w, https:\/\/szkola1.pl\/wp-content\/uploads\/2023\/09\/IMG_20230901_1226192-1536x1157.jpg 1536w, https:\/\/szkola1.pl\/wp-content\/uploads\/2023\/09\/IMG_20230901_1226192-2048x1542.jpg 2048w\" sizes=\"(max-width: 1024px) 100vw, 1024px\" \/><\/figure>\n\n\n\n<figure class=\"wp-block-image size-large\"><img loading=\"lazy\" decoding=\"async\" width=\"771\" height=\"1024\" data-id=\"2762\" src=\"https:\/\/szkola1.pl\/wp-content\/uploads\/2023\/09\/IMG_20230901_122943-771x1024.jpg\" alt=\"\" class=\"wp-image-2762\" srcset=\"https:\/\/szkola1.pl\/wp-content\/uploads\/2023\/09\/IMG_20230901_122943-771x1024.jpg 771w, https:\/\/szkola1.pl\/wp-content\/uploads\/2023\/09\/IMG_20230901_122943-226x300.jpg 226w, https:\/\/szkola1.pl\/wp-content\/uploads\/2023\/09\/IMG_20230901_122943-768x1020.jpg 768w, https:\/\/szkola1.pl\/wp-content\/uploads\/2023\/09\/IMG_20230901_122943-1157x1536.jpg 1157w, https:\/\/szkola1.pl\/wp-content\/uploads\/2023\/09\/IMG_20230901_122943-1542x2048.jpg 1542w, https:\/\/szkola1.pl\/wp-content\/uploads\/2023\/09\/IMG_20230901_122943-scaled.jpg 1928w\" sizes=\"(max-width: 771px) 100vw, 771px\" \/><\/figure>\n\n\n\n<figure class=\"wp-block-image size-large\"><img loading=\"lazy\" decoding=\"async\" width=\"771\" height=\"1024\" data-id=\"2763\" src=\"https:\/\/szkola1.pl\/wp-content\/uploads\/2023\/09\/IMG_20230901_1229432-771x1024.jpg\" alt=\"\" class=\"wp-image-2763\" srcset=\"https:\/\/szkola1.pl\/wp-content\/uploads\/2023\/09\/IMG_20230901_1229432-771x1024.jpg 771w, https:\/\/szkola1.pl\/wp-content\/uploads\/2023\/09\/IMG_20230901_1229432-226x300.jpg 226w, https:\/\/szkola1.pl\/wp-content\/uploads\/2023\/09\/IMG_20230901_1229432-768x1020.jpg 768w, https:\/\/szkola1.pl\/wp-content\/uploads\/2023\/09\/IMG_20230901_1229432-1157x1536.jpg 1157w, https:\/\/szkola1.pl\/wp-content\/uploads\/2023\/09\/IMG_20230901_1229432-1542x2048.jpg 1542w, https:\/\/szkola1.pl\/wp-content\/uploads\/2023\/09\/IMG_20230901_1229432-scaled.jpg 1928w\" sizes=\"(max-width: 771px) 100vw, 771px\" \/><\/figure>\n<\/figure>\n","protected":false},"excerpt":{"rendered":"<p>01.09.2023 r. delegacja naszej szko\u0142y uczestniczy\u0142a w uroczysto\u015bciach 84. rocznicy wybuchu II wojny \u015bwiatowej.<\/p>\n","protected":false},"author":1,"featured_media":2762,"comment_status":"closed","ping_status":"closed","sticky":false,"template":"","format":"standard","meta":{"saved_in_kubio":false,"_eb_attr":"","footnotes":""},"categories":[5],"tags":[],"class_list":["post-2758","post","type-post","status-publish","format-standard","has-post-thumbnail","hentry","category-aktualnosci"],"_links":{"self":[{"href":"https:\/\/szkola1.pl\/index.php\/wp-json\/wp\/v2\/posts\/2758","targetHints":{"allow":["GET"]}}],"collection":[{"href":"https:\/\/szkola1.pl\/index.php\/wp-json\/wp\/v2\/posts"}],"about":[{"href":"https:\/\/szkola1.pl\/index.php\/wp-json\/wp\/v2\/types\/post"}],"author":[{"embeddable":true,"href":"https:\/\/szkola1.pl\/index.php\/wp-json\/wp\/v2\/users\/1"}],"replies":[{"embeddable":true,"href":"https:\/\/szkola1.pl\/index.php\/wp-json\/wp\/v2\/comments?post=2758"}],"version-history":[{"count":1,"href":"https:\/\/szkola1.pl\/index.php\/wp-json\/wp\/v2\/posts\/2758\/revisions"}],"predecessor-version":[{"id":2764,"href":"https:\/\/szkola1.pl\/index.php\/wp-json\/wp\/v2\/posts\/2758\/revisions\/2764"}],"wp:featuredmedia":[{"embeddable":true,"href":"https:\/\/szkola1.pl\/index.php\/wp-json\/wp\/v2\/media\/2762"}],"wp:attachment":[{"href":"https:\/\/szkola1.pl\/index.php\/wp-json\/wp\/v2\/media?parent=2758"}],"wp:term":[{"taxonomy":"category","embeddable":true,"href":"https:\/\/szkola1.pl\/index.php\/wp-json\/wp\/v2\/categories?post=2758"},{"taxonomy":"post_tag","embeddable":true,"href":"https:\/\/szkola1.pl\/index.php\/wp-json\/wp\/v2\/tags?post=2758"}],"curies":[{"name":"wp","href":"https:\/\/api.w.org\/{rel}","templated":true}]}}