{"id":2739,"date":"2023-08-28T11:11:20","date_gmt":"2023-08-28T11:11:20","guid":{"rendered":"https:\/\/szkola1.pl\/?p=2739"},"modified":"2023-08-28T11:11:20","modified_gmt":"2023-08-28T11:11:20","slug":"pedzlem-i-okiem-artystyczny-plener-malarsko-fotograficzny-u-hrabiego","status":"publish","type":"post","link":"https:\/\/szkola1.pl\/index.php\/2023\/08\/28\/pedzlem-i-okiem-artystyczny-plener-malarsko-fotograficzny-u-hrabiego\/","title":{"rendered":"&#8222;P\u0118DZLEM I OKIEM- ARTYSTYCZNY PLENER MALARSKO &#8211; FOTOGRAFICZNY U HRABIEGO&#8221;"},"content":{"rendered":"\n<p>W sobot\u0119 26 sierpnia br. stowarzyszenie Ku\u017ania talent\u00f3w. Peron 9 i \u00be zorganizowa\u0142o \u201ePiknik u hrabiego\u201d, kt\u00f3ry by\u0142 pretekstem do przeprowadzenia artystycznych warsztat\u00f3w malarskich i fotograficznych \/ cyjanotypii i fotografii otworkowej\/ w urokliwym parku i pa\u0142acu Trojanowskich .<\/p>\n\n\n\n<p>Inspiracj\u0105 dla przypomnienia starych technik utrwalania rzeczywisto\u015bci by\u0142a fotograficzna pasja Edwarda Mycielskiego \u2013 <a><\/a>Trojanowskiego, kt\u00f3ry stworzy\u0142 wiele prac w technice stereoskopowej\/ retro 3 D\/.<\/p>\n\n\n\n<p>Warsztaty malarskie prowadzi\u0142a Marzena Szyszka, cz\u0142onkini Stowarzyszenia Przyjaci\u00f3\u0142 \u0141azie\u0144ca &#8222;Cudne Manowce&#8221;. Amatorsko maluje pejza\u017ce i ulubione s\u0142oneczniki. Uczestnicy warsztat\u00f3w zapoznali si\u0119 z podstawowymi technikami malowania.<\/p>\n\n\n\n<p>Warsztaty fotograficzne poprowadzi\u0142a Zuzanna Falle\u0144czyk, absolwentka Technikum Fotograficznego w Bydgoszczy i Ochrony D\u00f3br Kultury na UMK w Toruniu.<\/p>\n\n\n\n<p>W warsztatach wzi\u0119\u0142o udzia\u0142 17 os\u00f3b w wieku od 10 do 74 lat, nie tylko z Aleksandrowa Kujawskiego, ale r\u00f3wnie\u017c z Brudnowa, Wroc\u0142awia, Krakowa, Pionek, Zielonej G\u00f3ry, \u0141odzi, Poznania i Inowroc\u0142awia ! By\u0142y to w du\u017cej mierze osoby przebywaj\u0105ce na kuracji w naszym mie\u015bcie, ale i doro\u015bli oraz uczniowie szk\u00f3\u0142 podstawowych i \u015brednich z terenu powiatu.<\/p>\n\n\n\n<p>Powsta\u0142y prace malarskie technik\u0105 akrylow\u0105 oraz fotograficzne na koszulkach i papierze \u015bwiat\u0142oczu\u0142ym.<\/p>\n\n\n\n<p>Ka\u017cdy uczestnik warsztat\u00f3w otrzyma\u0142 dyplom oraz shopperk\u0119 z \u201dSafari z hrabi\u0105\u201d i album T. Adamca<\/p>\n\n\n\n<p>\u201eAleksandr\u00f3w osobisty\u201d.<\/p>\n\n\n\n<p>Warsztatom towarzyszy\u0142 malowniczy piknik w pobli\u017cu pa\u0142acu, w kt\u00f3rym uczestniczy\u0142y cz\u0142onkinie stowarzyszenia oraz grupa wolontariuszy- przyjaci\u00f3\u0142 naszego stowarzyszenia, wystylizowanych w stroje z epoki&#8230;<\/p>\n\n\n\n<p>Uczestnicy pikniku oraz warsztat\u00f3w byli cz\u0119stowani owocami, ciastami i napojami, mogli uczestniczy\u0107 w zabawach plenerowych : strzelaniu z \u0142uku do tarczy, grze w badmintona, malowa\u0107 , puszcza\u0107 ba\u0144ki mydlane i balony, czy pobawi\u0107 si\u0119 wst\u0105\u017ck\u0105 lub\u2026 porcelanowymi lalkami.<\/p>\n\n\n\n<p>Dzi\u0119ki temu oraz \u0142adnej pogodzie by\u0142 to mi\u0142o sp\u0119dzony przez wszystkich czas !<\/p>\n\n\n\n<p>Dzi\u0119kujemy serdeczne naszemu Partnerowi Zespo\u0142owi Szk\u00f3\u0142 Nr 1 Centrum Kszta\u0142cenia Praktycznego w Aleksandrowie Kujawskim za udost\u0119pnienie pomieszcze\u0144 pa\u0142acu oraz terenu parku, dzi\u0119ki czemu dzisiejszy plener by\u0142 mo\u017cliwy.<\/p>\n\n\n\n<p>Projekt dofinansowa\u0142o Starostwo Powiatowe w Aleksandrowie Kujawskim.<\/p>\n\n\n\n<p>Fotorelacja Leszka Ruteckiego<\/p>\n\n\n\n<figure class=\"wp-block-gallery has-nested-images columns-default is-cropped wp-block-gallery-1 is-layout-flex wp-block-gallery-is-layout-flex\">\n<figure class=\"wp-block-image size-large\"><img loading=\"lazy\" decoding=\"async\" width=\"855\" height=\"1024\" data-id=\"2740\" src=\"https:\/\/szkola1.pl\/wp-content\/uploads\/2023\/08\/368745088_624434733007088_634330640075009236_n-855x1024.jpg\" alt=\"\" class=\"wp-image-2740\" srcset=\"https:\/\/szkola1.pl\/wp-content\/uploads\/2023\/08\/368745088_624434733007088_634330640075009236_n-855x1024.jpg 855w, https:\/\/szkola1.pl\/wp-content\/uploads\/2023\/08\/368745088_624434733007088_634330640075009236_n-250x300.jpg 250w, https:\/\/szkola1.pl\/wp-content\/uploads\/2023\/08\/368745088_624434733007088_634330640075009236_n-768x920.jpg 768w, https:\/\/szkola1.pl\/wp-content\/uploads\/2023\/08\/368745088_624434733007088_634330640075009236_n-1282x1536.jpg 1282w, https:\/\/szkola1.pl\/wp-content\/uploads\/2023\/08\/368745088_624434733007088_634330640075009236_n.jpg 1469w\" sizes=\"(max-width: 855px) 100vw, 855px\" \/><\/figure>\n\n\n\n<figure class=\"wp-block-image size-large\"><img loading=\"lazy\" decoding=\"async\" width=\"970\" height=\"1024\" data-id=\"2741\" src=\"https:\/\/szkola1.pl\/wp-content\/uploads\/2023\/08\/369638987_272991985505606_8034378209537369442_n-970x1024.jpg\" alt=\"\" class=\"wp-image-2741\" srcset=\"https:\/\/szkola1.pl\/wp-content\/uploads\/2023\/08\/369638987_272991985505606_8034378209537369442_n-970x1024.jpg 970w, https:\/\/szkola1.pl\/wp-content\/uploads\/2023\/08\/369638987_272991985505606_8034378209537369442_n-284x300.jpg 284w, https:\/\/szkola1.pl\/wp-content\/uploads\/2023\/08\/369638987_272991985505606_8034378209537369442_n-768x810.jpg 768w, https:\/\/szkola1.pl\/wp-content\/uploads\/2023\/08\/369638987_272991985505606_8034378209537369442_n-1455x1536.jpg 1455w, https:\/\/szkola1.pl\/wp-content\/uploads\/2023\/08\/369638987_272991985505606_8034378209537369442_n.jpg 1500w\" sizes=\"(max-width: 970px) 100vw, 970px\" \/><\/figure>\n\n\n\n<figure class=\"wp-block-image size-large\"><img loading=\"lazy\" decoding=\"async\" width=\"717\" height=\"1024\" data-id=\"2742\" src=\"https:\/\/szkola1.pl\/wp-content\/uploads\/2023\/08\/370065151_624295449843449_2490106590547015501_n-717x1024.jpg\" alt=\"\" class=\"wp-image-2742\" srcset=\"https:\/\/szkola1.pl\/wp-content\/uploads\/2023\/08\/370065151_624295449843449_2490106590547015501_n-717x1024.jpg 717w, https:\/\/szkola1.pl\/wp-content\/uploads\/2023\/08\/370065151_624295449843449_2490106590547015501_n-210x300.jpg 210w, https:\/\/szkola1.pl\/wp-content\/uploads\/2023\/08\/370065151_624295449843449_2490106590547015501_n-768x1096.jpg 768w, https:\/\/szkola1.pl\/wp-content\/uploads\/2023\/08\/370065151_624295449843449_2490106590547015501_n-1076x1536.jpg 1076w, https:\/\/szkola1.pl\/wp-content\/uploads\/2023\/08\/370065151_624295449843449_2490106590547015501_n.jpg 1352w\" sizes=\"(max-width: 717px) 100vw, 717px\" \/><\/figure>\n\n\n\n<figure class=\"wp-block-image size-large\"><img loading=\"lazy\" decoding=\"async\" width=\"760\" height=\"1024\" data-id=\"2743\" src=\"https:\/\/szkola1.pl\/wp-content\/uploads\/2023\/08\/370077373_194622923626560_8351573296794814453_n-760x1024.jpg\" alt=\"\" class=\"wp-image-2743\" srcset=\"https:\/\/szkola1.pl\/wp-content\/uploads\/2023\/08\/370077373_194622923626560_8351573296794814453_n-760x1024.jpg 760w, https:\/\/szkola1.pl\/wp-content\/uploads\/2023\/08\/370077373_194622923626560_8351573296794814453_n-223x300.jpg 223w, https:\/\/szkola1.pl\/wp-content\/uploads\/2023\/08\/370077373_194622923626560_8351573296794814453_n-768x1035.jpg 768w, https:\/\/szkola1.pl\/wp-content\/uploads\/2023\/08\/370077373_194622923626560_8351573296794814453_n-1140x1536.jpg 1140w, https:\/\/szkola1.pl\/wp-content\/uploads\/2023\/08\/370077373_194622923626560_8351573296794814453_n.jpg 1367w\" sizes=\"(max-width: 760px) 100vw, 760px\" \/><\/figure>\n\n\n\n<figure class=\"wp-block-image size-large\"><img loading=\"lazy\" decoding=\"async\" width=\"871\" height=\"1024\" data-id=\"2745\" src=\"https:\/\/szkola1.pl\/wp-content\/uploads\/2023\/08\/370115292_1695687110911102_2454883735119202672_n-871x1024.jpg\" alt=\"\" class=\"wp-image-2745\" srcset=\"https:\/\/szkola1.pl\/wp-content\/uploads\/2023\/08\/370115292_1695687110911102_2454883735119202672_n-871x1024.jpg 871w, https:\/\/szkola1.pl\/wp-content\/uploads\/2023\/08\/370115292_1695687110911102_2454883735119202672_n-255x300.jpg 255w, https:\/\/szkola1.pl\/wp-content\/uploads\/2023\/08\/370115292_1695687110911102_2454883735119202672_n-768x903.jpg 768w, https:\/\/szkola1.pl\/wp-content\/uploads\/2023\/08\/370115292_1695687110911102_2454883735119202672_n.jpg 1218w\" sizes=\"(max-width: 871px) 100vw, 871px\" \/><\/figure>\n\n\n\n<figure class=\"wp-block-image size-large\"><img loading=\"lazy\" decoding=\"async\" width=\"808\" height=\"1024\" data-id=\"2746\" src=\"https:\/\/szkola1.pl\/wp-content\/uploads\/2023\/08\/370202372_849851449563994_4551414169664590115_n-808x1024.jpg\" alt=\"\" class=\"wp-image-2746\" srcset=\"https:\/\/szkola1.pl\/wp-content\/uploads\/2023\/08\/370202372_849851449563994_4551414169664590115_n-808x1024.jpg 808w, https:\/\/szkola1.pl\/wp-content\/uploads\/2023\/08\/370202372_849851449563994_4551414169664590115_n-237x300.jpg 237w, https:\/\/szkola1.pl\/wp-content\/uploads\/2023\/08\/370202372_849851449563994_4551414169664590115_n-768x973.jpg 768w, https:\/\/szkola1.pl\/wp-content\/uploads\/2023\/08\/370202372_849851449563994_4551414169664590115_n-1212x1536.jpg 1212w, https:\/\/szkola1.pl\/wp-content\/uploads\/2023\/08\/370202372_849851449563994_4551414169664590115_n.jpg 1334w\" sizes=\"(max-width: 808px) 100vw, 808px\" \/><\/figure>\n\n\n\n<figure class=\"wp-block-image size-large\"><img loading=\"lazy\" decoding=\"async\" width=\"1019\" height=\"1024\" data-id=\"2747\" src=\"https:\/\/szkola1.pl\/wp-content\/uploads\/2023\/08\/DSC_8006-1019x1024.jpg\" alt=\"\" class=\"wp-image-2747\" srcset=\"https:\/\/szkola1.pl\/wp-content\/uploads\/2023\/08\/DSC_8006-1019x1024.jpg 1019w, https:\/\/szkola1.pl\/wp-content\/uploads\/2023\/08\/DSC_8006-298x300.jpg 298w, https:\/\/szkola1.pl\/wp-content\/uploads\/2023\/08\/DSC_8006-150x150.jpg 150w, https:\/\/szkola1.pl\/wp-content\/uploads\/2023\/08\/DSC_8006-768x772.jpg 768w, https:\/\/szkola1.pl\/wp-content\/uploads\/2023\/08\/DSC_8006-1528x1536.jpg 1528w, https:\/\/szkola1.pl\/wp-content\/uploads\/2023\/08\/DSC_8006-2037x2048.jpg 2037w, https:\/\/szkola1.pl\/wp-content\/uploads\/2023\/08\/DSC_8006-300x300.jpg 300w\" sizes=\"(max-width: 1019px) 100vw, 1019px\" \/><\/figure>\n\n\n\n<figure class=\"wp-block-image size-large\"><img loading=\"lazy\" decoding=\"async\" width=\"826\" height=\"1024\" data-id=\"2744\" src=\"https:\/\/szkola1.pl\/wp-content\/uploads\/2023\/08\/DSC_8020-3-826x1024.jpg\" alt=\"\" class=\"wp-image-2744\" srcset=\"https:\/\/szkola1.pl\/wp-content\/uploads\/2023\/08\/DSC_8020-3-826x1024.jpg 826w, https:\/\/szkola1.pl\/wp-content\/uploads\/2023\/08\/DSC_8020-3-242x300.jpg 242w, https:\/\/szkola1.pl\/wp-content\/uploads\/2023\/08\/DSC_8020-3-768x952.jpg 768w, https:\/\/szkola1.pl\/wp-content\/uploads\/2023\/08\/DSC_8020-3-1239x1536.jpg 1239w, https:\/\/szkola1.pl\/wp-content\/uploads\/2023\/08\/DSC_8020-3.jpg 1521w\" sizes=\"(max-width: 826px) 100vw, 826px\" \/><\/figure>\n\n\n\n<figure class=\"wp-block-image size-large\"><img loading=\"lazy\" decoding=\"async\" width=\"1024\" height=\"683\" data-id=\"2749\" src=\"https:\/\/szkola1.pl\/wp-content\/uploads\/2023\/08\/DSC_8046-1024x683.jpg\" alt=\"\" class=\"wp-image-2749\" srcset=\"https:\/\/szkola1.pl\/wp-content\/uploads\/2023\/08\/DSC_8046-1024x683.jpg 1024w, https:\/\/szkola1.pl\/wp-content\/uploads\/2023\/08\/DSC_8046-300x200.jpg 300w, https:\/\/szkola1.pl\/wp-content\/uploads\/2023\/08\/DSC_8046-768x512.jpg 768w, https:\/\/szkola1.pl\/wp-content\/uploads\/2023\/08\/DSC_8046-1536x1024.jpg 1536w, https:\/\/szkola1.pl\/wp-content\/uploads\/2023\/08\/DSC_8046-2048x1365.jpg 2048w, https:\/\/szkola1.pl\/wp-content\/uploads\/2023\/08\/DSC_8046-600x400.jpg 600w\" sizes=\"(max-width: 1024px) 100vw, 1024px\" \/><\/figure>\n<\/figure>\n","protected":false},"excerpt":{"rendered":"<p>W sobot\u0119 26 sierpnia br. stowarzyszenie Ku\u017ania talent\u00f3w. Peron 9 i \u00be zorganizowa\u0142o \u201ePiknik u hrabiego\u201d, kt\u00f3ry by\u0142 pretekstem do przeprowadzenia artystycznych warsztat\u00f3w malarskich i fotograficznych \/ cyjanotypii i fotografii otworkowej\/ w urokliwym parku i pa\u0142acu Trojanowskich . Inspiracj\u0105 dla przypomnienia starych technik utrwalania rzeczywisto\u015bci by\u0142a fotograficzna pasja Edwarda Mycielskiego \u2013 Trojanowskiego, kt\u00f3ry stworzy\u0142 wiele prac w technice stereoskopowej\/ retro [&hellip;]<\/p>\n","protected":false},"author":1,"featured_media":0,"comment_status":"closed","ping_status":"closed","sticky":false,"template":"","format":"standard","meta":{"saved_in_kubio":false,"_eb_attr":"","footnotes":""},"categories":[5],"tags":[],"class_list":["post-2739","post","type-post","status-publish","format-standard","hentry","category-aktualnosci"],"_links":{"self":[{"href":"https:\/\/szkola1.pl\/index.php\/wp-json\/wp\/v2\/posts\/2739","targetHints":{"allow":["GET"]}}],"collection":[{"href":"https:\/\/szkola1.pl\/index.php\/wp-json\/wp\/v2\/posts"}],"about":[{"href":"https:\/\/szkola1.pl\/index.php\/wp-json\/wp\/v2\/types\/post"}],"author":[{"embeddable":true,"href":"https:\/\/szkola1.pl\/index.php\/wp-json\/wp\/v2\/users\/1"}],"replies":[{"embeddable":true,"href":"https:\/\/szkola1.pl\/index.php\/wp-json\/wp\/v2\/comments?post=2739"}],"version-history":[{"count":1,"href":"https:\/\/szkola1.pl\/index.php\/wp-json\/wp\/v2\/posts\/2739\/revisions"}],"predecessor-version":[{"id":2752,"href":"https:\/\/szkola1.pl\/index.php\/wp-json\/wp\/v2\/posts\/2739\/revisions\/2752"}],"wp:attachment":[{"href":"https:\/\/szkola1.pl\/index.php\/wp-json\/wp\/v2\/media?parent=2739"}],"wp:term":[{"taxonomy":"category","embeddable":true,"href":"https:\/\/szkola1.pl\/index.php\/wp-json\/wp\/v2\/categories?post=2739"},{"taxonomy":"post_tag","embeddable":true,"href":"https:\/\/szkola1.pl\/index.php\/wp-json\/wp\/v2\/tags?post=2739"}],"curies":[{"name":"wp","href":"https:\/\/api.w.org\/{rel}","templated":true}]}}