{"id":1581,"date":"2022-10-14T10:08:24","date_gmt":"2022-10-14T10:08:24","guid":{"rendered":"https:\/\/szkola-nr-1.pl\/?p=1581"},"modified":"2022-12-19T10:09:59","modified_gmt":"2022-12-19T10:09:59","slug":"nagrody-starosty-aleksandrowskiego","status":"publish","type":"post","link":"https:\/\/szkola1.pl\/index.php\/2022\/10\/14\/nagrody-starosty-aleksandrowskiego\/","title":{"rendered":"Nagrody Starosty Aleksandrowskiego"},"content":{"rendered":"\n<p>Z okazji Dnia Edukacji Narodowej, Starosta Aleksandrowski Lidia Tokarska zorganizowa\u0142a spotkanie dla dyrektor\u00f3w i nauczycieli szk\u00f3\u0142 oraz plac\u00f3wek o\u015bwiatowych prowadzonych przez Powiat, podczas kt\u00f3rego wr\u0119czy\u0142a wraz z Wicestarost\u0105 Aleksandrowskim Adamem Potaczkiem nagrody za zas\u0142ugi i osi\u0105gni\u0119cia w pracy dydaktyczno \u2013 wychowawczej.<br>W tym roku nagrod\u0119 starosty otrzyma\u0142a nasza kole\u017canka, Agnieszka Studzi\u0144ska. Gratulujemy.<\/p>\n","protected":false},"excerpt":{"rendered":"<p>Z okazji Dnia Edukacji Narodowej, Starosta Aleksandrowski Lidia Tokarska zorganizowa\u0142a spotkanie dla dyrektor\u00f3w i nauczycieli szk\u00f3\u0142 oraz plac\u00f3wek o\u015bwiatowych prowadzonych przez Powiat, podczas kt\u00f3rego wr\u0119czy\u0142a wraz z Wicestarost\u0105 Aleksandrowskim Adamem Potaczkiem nagrody za zas\u0142ugi i osi\u0105gni\u0119cia w pracy dydaktyczno \u2013 wychowawczej.W tym roku nagrod\u0119 starosty otrzyma\u0142a nasza kole\u017canka, Agnieszka Studzi\u0144ska. Gratulujemy.<\/p>\n","protected":false},"author":1,"featured_media":1582,"comment_status":"closed","ping_status":"closed","sticky":false,"template":"","format":"standard","meta":{"saved_in_kubio":false,"_eb_attr":"","footnotes":""},"categories":[5],"tags":[],"class_list":["post-1581","post","type-post","status-publish","format-standard","has-post-thumbnail","hentry","category-aktualnosci"],"_links":{"self":[{"href":"https:\/\/szkola1.pl\/index.php\/wp-json\/wp\/v2\/posts\/1581","targetHints":{"allow":["GET"]}}],"collection":[{"href":"https:\/\/szkola1.pl\/index.php\/wp-json\/wp\/v2\/posts"}],"about":[{"href":"https:\/\/szkola1.pl\/index.php\/wp-json\/wp\/v2\/types\/post"}],"author":[{"embeddable":true,"href":"https:\/\/szkola1.pl\/index.php\/wp-json\/wp\/v2\/users\/1"}],"replies":[{"embeddable":true,"href":"https:\/\/szkola1.pl\/index.php\/wp-json\/wp\/v2\/comments?post=1581"}],"version-history":[{"count":1,"href":"https:\/\/szkola1.pl\/index.php\/wp-json\/wp\/v2\/posts\/1581\/revisions"}],"predecessor-version":[{"id":1583,"href":"https:\/\/szkola1.pl\/index.php\/wp-json\/wp\/v2\/posts\/1581\/revisions\/1583"}],"wp:featuredmedia":[{"embeddable":true,"href":"https:\/\/szkola1.pl\/index.php\/wp-json\/wp\/v2\/media\/1582"}],"wp:attachment":[{"href":"https:\/\/szkola1.pl\/index.php\/wp-json\/wp\/v2\/media?parent=1581"}],"wp:term":[{"taxonomy":"category","embeddable":true,"href":"https:\/\/szkola1.pl\/index.php\/wp-json\/wp\/v2\/categories?post=1581"},{"taxonomy":"post_tag","embeddable":true,"href":"https:\/\/szkola1.pl\/index.php\/wp-json\/wp\/v2\/tags?post=1581"}],"curies":[{"name":"wp","href":"https:\/\/api.w.org\/{rel}","templated":true}]}}